{"id":3621,"date":"2019-05-07T10:08:49","date_gmt":"2019-05-07T15:08:49","guid":{"rendered":"http:\/\/diariodigitalmx.com\/?p=3621"},"modified":"2019-05-07T10:08:50","modified_gmt":"2019-05-07T15:08:50","slug":"el-plato-del-dia-2","status":"publish","type":"post","link":"https:\/\/diariodigitalmx.com\/index.php\/2019\/05\/07\/el-plato-del-dia-2\/","title":{"rendered":"El plato del d\u00eda"},"content":{"rendered":"\n<p>Paulo Cuellar\u00a0<\/p>\n\n\n\n<p><br>Surge iniciativa para crear el Instituto Estatal de los Hombres.\u00a0<br>La violencia familiar, no es \u00fanicamente en contra de las mujeres e hijos, sino tambi\u00e9n de los hombres.\u00a0<\/p>\n\n\n\n<p><br>Hay un grupo de padres de familia, traen bajo el brazo,\u00a0\u00a0la iniciativa para crear el Instituto Estatal de los Hombres, pues aseguran, cada vez son m\u00e1s los varones, v\u00edctimas de la violencia de sus parejas o esposas.\u00a0<\/p>\n\n\n\n<p><br>Este fen\u00f3meno, d\u00f3nde los hombres son las v\u00edctimas, todav\u00eda es un tab\u00fa, puesto que predomina la imagen del hombre rudo, macho y fuerte.\u00a0<br>Sin embargo, existe una poblaci\u00f3n varonil que se encuentran en una posici\u00f3n de desventaja, ante las pol\u00edticas p\u00fablicas y sociales de los gobiernos que solo reconocen la violencia familiar en contra de las mujeres y legitiman sus derechos.<\/p>\n\n\n\n<p><br>\u00a0Seg\u00fan los testimonios de algunos miembros de este grupo que ya empezaron a protestar colegialmente para defender sus derechos, sufren acoso, amenazas, golpes, persecuci\u00f3n, sin poder hacer nada porque las leyes y muchos abogados perversamente manipulan en favor de la mujer.\u00a0<br>Incluso, aseguran que muchas mujeres provocan y agreden intencionalmente para ser golpeadas, por instrucciones de sus abogados.\u00a0<br>Los hombres, v\u00edctimas de la violencia, se sienten impotentes, saben que si golpean a su pareja, est\u00e1n perdidos.\u00a0\u00a0<\/p>\n\n\n\n<p><br>Muchos de ellos, viven un martirio y un dolor irreparable porque no pueden ver a sus hijos, quienes son manipulados e influenciados por sus madres.\u00a0<\/p>\n\n\n\n<p><br>Algunos especialistas a este hecho le llaman alienaci\u00f3n parental aunque cient\u00edficamente el concepto no est\u00e1 bien sustentado.\u00a0<br>Bienvenido el Instituto Estatal de los Hombres. <\/p>\n","protected":false},"excerpt":{"rendered":"<p>Paulo Cuellar\u00a0 Surge iniciativa para crear el Instituto Estatal de los Hombres.\u00a0La violencia familiar, no es \u00fanicamente en contra de las mujeres e hijos, sino tambi\u00e9n de los hombres.\u00a0 Hay un grupo de padres de familia, traen bajo el brazo,\u00a0\u00a0la iniciativa para crear el Instituto Estatal de los Hombres, pues aseguran, cada vez son m\u00e1s [&hellip;]<\/p>\n","protected":false},"author":1,"featured_media":3622,"comment_status":"open","ping_status":"open","sticky":true,"template":"","format":"standard","meta":{"footnotes":""},"categories":[12],"tags":[],"_links":{"self":[{"href":"https:\/\/diariodigitalmx.com\/index.php\/wp-json\/wp\/v2\/posts\/3621"}],"collection":[{"href":"https:\/\/diariodigitalmx.com\/index.php\/wp-json\/wp\/v2\/posts"}],"about":[{"href":"https:\/\/diariodigitalmx.com\/index.php\/wp-json\/wp\/v2\/types\/post"}],"author":[{"embeddable":true,"href":"https:\/\/diariodigitalmx.com\/index.php\/wp-json\/wp\/v2\/users\/1"}],"replies":[{"embeddable":true,"href":"https:\/\/diariodigitalmx.com\/index.php\/wp-json\/wp\/v2\/comments?post=3621"}],"version-history":[{"count":1,"href":"https:\/\/diariodigitalmx.com\/index.php\/wp-json\/wp\/v2\/posts\/3621\/revisions"}],"predecessor-version":[{"id":3623,"href":"https:\/\/diariodigitalmx.com\/index.php\/wp-json\/wp\/v2\/posts\/3621\/revisions\/3623"}],"wp:featuredmedia":[{"embeddable":true,"href":"https:\/\/diariodigitalmx.com\/index.php\/wp-json\/wp\/v2\/media\/3622"}],"wp:attachment":[{"href":"https:\/\/diariodigitalmx.com\/index.php\/wp-json\/wp\/v2\/media?parent=3621"}],"wp:term":[{"taxonomy":"category","embeddable":true,"href":"https:\/\/diariodigitalmx.com\/index.php\/wp-json\/wp\/v2\/categories?post=3621"},{"taxonomy":"post_tag","embeddable":true,"href":"https:\/\/diariodigitalmx.com\/index.php\/wp-json\/wp\/v2\/tags?post=3621"}],"curies":[{"name":"wp","href":"https:\/\/api.w.org\/{rel}","templated":true}]}}