{"id":3627,"date":"2019-05-07T13:30:56","date_gmt":"2019-05-07T18:30:56","guid":{"rendered":"http:\/\/diariodigitalmx.com\/?p=3627"},"modified":"2019-05-07T13:30:58","modified_gmt":"2019-05-07T18:30:58","slug":"romo-descarta-recesion-pese-a-cachetadita-del-primer-trimestre","status":"publish","type":"post","link":"https:\/\/diariodigitalmx.com\/index.php\/2019\/05\/07\/romo-descarta-recesion-pese-a-cachetadita-del-primer-trimestre\/","title":{"rendered":"Romo descarta recesi\u00f3n pese a &#8220;cachetadita&#8221; del primer trimestre"},"content":{"rendered":"\n<h3 class=\"wp-block-heading\">El empresario sostuvo que si bien este a\u00f1o se crecer\u00e1 entre 1.6 y 1.7%, en el sexenio se alcanzar\u00e1 la meta de 4% de crecimiento econ\u00f3mico<\/h3>\n\n\n\n<p>Juan Luis Ramos | El Sol de M\u00e9xico<\/p>\n\n\n\n<p>El jefe de la Oficina de la Presidencia, Alfonso Romo, descart\u00f3 que exista un riesgo de recesi\u00f3n en la econom\u00eda mexicana luego del magro crecimiento de 0.2% que registr\u00f3 el PIB en el primer trimestre del a\u00f1o, en comparaci\u00f3n con el mismo per\u00edodo de 2018.<\/p>\n\n\n\n<p>&#8220;Este primer trimestre nos dio una cachetadita, y esto es como cuando montas al caballo, te caes y te vuelves a subir para saltar mejor&#8221;, dijo el funcionario previo a su participaci\u00f3n en el 2019 Mexico Investment Ideas Conference.<\/p>\n\n\n\n<h4 class=\"wp-block-heading\"><strong><a href=\"https:\/\/www.elsoldemexico.com.mx\/mexico\/politica\/alfonso-romo-renuncia-amlo-rechaza-carta-raymundo-riva-palacio-3585149.html\" target=\"_blank\" rel=\"noreferrer noopener\">Falso, nunca he presentado mi renuncia: Alfonso Romo<\/a><\/strong><\/h4>\n\n\n\n<p>Romo destac\u00f3 que en el gobierno est\u00e1n muy optimistas porque sienten al sector privado fuerte y apoyando.<\/p>\n\n\n\n<p>Record\u00f3 que el primer a\u00f1o de gobierno, en cualquier parte del mundo, los inversionistas esperan a que haya m\u00e1s certidumbre, pero asegur\u00f3 que hay inter\u00e9s privado por inyectar recursos en el pa\u00eds.<\/p>\n\n\n\n<p>El empresario sostuvo que si bien este a\u00f1o se crecer\u00e1 entre 1.6 y 1.7%, en el sexenio se alcanzar\u00e1 la meta de 4% de crecimiento econ\u00f3mico.<\/p>\n\n\n\n<p>Respeto a la advertencia de la Organizaci\u00f3n para la Cooperaci\u00f3n y el Desarrollo Econ\u00f3micos (OCDE) de que Pemex significa un riesgo para la econom\u00eda, nacional, el funcionario asegur\u00f3 que se va a revertir la situaci\u00f3n de la petrolera.<\/p>\n\n\n\n<p>&#8220;Lo m\u00e1s importante en el vida es convertir los riesgos en oportunidades y vamos a demostrar c\u00f3mo le vamos a dar vuelta a todo lo que hemos recibido, lo vamos a componer&#8221;, apunt\u00f3.<\/p>\n\n\n\n<p>Respecto a los rumores de que present\u00f3 su renuncia al Presidente,&nbsp;<a href=\"https:\/\/www.elsoldemexico.com.mx\/mexico\/politica\/alfonso-romo-renuncia-amlo-rechaza-carta-raymundo-riva-palacio-3585149.html\" target=\"_blank\" rel=\"noreferrer noopener\">Alfonso Romo rechaz\u00f3 la versi\u00f3n<\/a>.<\/p>\n","protected":false},"excerpt":{"rendered":"<p>El empresario sostuvo que si bien este a\u00f1o se crecer\u00e1 entre 1.6 y 1.7%, en el sexenio se alcanzar\u00e1 la meta de 4% de crecimiento econ\u00f3mico Juan Luis Ramos | El Sol de M\u00e9xico El jefe de la Oficina de la Presidencia, Alfonso Romo, descart\u00f3 que exista un riesgo de recesi\u00f3n en la econom\u00eda mexicana [&hellip;]<\/p>\n","protected":false},"author":1,"featured_media":3628,"comment_status":"open","ping_status":"open","sticky":true,"template":"","format":"standard","meta":{"footnotes":""},"categories":[10],"tags":[],"_links":{"self":[{"href":"https:\/\/diariodigitalmx.com\/index.php\/wp-json\/wp\/v2\/posts\/3627"}],"collection":[{"href":"https:\/\/diariodigitalmx.com\/index.php\/wp-json\/wp\/v2\/posts"}],"about":[{"href":"https:\/\/diariodigitalmx.com\/index.php\/wp-json\/wp\/v2\/types\/post"}],"author":[{"embeddable":true,"href":"https:\/\/diariodigitalmx.com\/index.php\/wp-json\/wp\/v2\/users\/1"}],"replies":[{"embeddable":true,"href":"https:\/\/diariodigitalmx.com\/index.php\/wp-json\/wp\/v2\/comments?post=3627"}],"version-history":[{"count":1,"href":"https:\/\/diariodigitalmx.com\/index.php\/wp-json\/wp\/v2\/posts\/3627\/revisions"}],"predecessor-version":[{"id":3629,"href":"https:\/\/diariodigitalmx.com\/index.php\/wp-json\/wp\/v2\/posts\/3627\/revisions\/3629"}],"wp:featuredmedia":[{"embeddable":true,"href":"https:\/\/diariodigitalmx.com\/index.php\/wp-json\/wp\/v2\/media\/3628"}],"wp:attachment":[{"href":"https:\/\/diariodigitalmx.com\/index.php\/wp-json\/wp\/v2\/media?parent=3627"}],"wp:term":[{"taxonomy":"category","embeddable":true,"href":"https:\/\/diariodigitalmx.com\/index.php\/wp-json\/wp\/v2\/categories?post=3627"},{"taxonomy":"post_tag","embeddable":true,"href":"https:\/\/diariodigitalmx.com\/index.php\/wp-json\/wp\/v2\/tags?post=3627"}],"curies":[{"name":"wp","href":"https:\/\/api.w.org\/{rel}","templated":true}]}}