{"id":3667,"date":"2019-05-08T19:24:12","date_gmt":"2019-05-09T00:24:12","guid":{"rendered":"http:\/\/diariodigitalmx.com\/?p=3667"},"modified":"2019-05-08T19:24:14","modified_gmt":"2019-05-09T00:24:14","slug":"la-obra-de-paty-trevino-en-galeria-regia","status":"publish","type":"post","link":"https:\/\/diariodigitalmx.com\/index.php\/2019\/05\/08\/la-obra-de-paty-trevino-en-galeria-regia\/","title":{"rendered":"La obra de Paty Trevi\u00f1o en Galer\u00eda Regia"},"content":{"rendered":"\n<p>Un ambiente emotivo se gener\u00f3 durante la inauguraci\u00f3n de la exposici\u00f3n &nbsp;\u201cRostros Ocultos\u201d de la artista Paty Mar\u00eda Trevi\u00f1o en la Galer\u00eda Regia.<\/p>\n\n\n\n<p> &nbsp;&nbsp;&nbsp;Los asistentes manifestaron su asombro por el trabajo multicolor, que realiza en contacto directo de su mano con la pintura, pues ella &nbsp;utiliza sus dedos para plasmar sus emociones.<\/p>\n\n\n\n<p> &nbsp;&nbsp;&nbsp;La muestra, que estar\u00e1 hasta el mes de julio, consta de 43 obras donde se perciben sentimientos, pensamientos y emociones en miradas y rostros que realiza la artista regiomontana.<\/p>\n\n\n\n<p> &nbsp;&nbsp;&nbsp;El Gobierno de Monterrey organiza estos eventos con el fin de ofrecer una plataforma cultural, art\u00edstica y de inclusi\u00f3n para los regiomontanos y facilita los diferentes espacios galer\u00edsticos con el fin de establecer un v\u00ednculo entre los artistas y la sociedad.<br><\/p>\n\n\n\n<p> &nbsp;&nbsp;La inauguraci\u00f3n fue presidida por el secretario de Desarrollo Social, Rafael Ramos de la Garza y el director de Cultura, Luis Nevar\u00e9z Olivares; por la maestra y pintora, Lupina Flores y por la autora, Patty Mar\u00eda Trevi\u00f1o.<br><\/p>\n\n\n\n<ul class=\"wp-block-gallery columns-1 is-cropped wp-block-gallery-1 is-layout-flex wp-block-gallery-is-layout-flex\"><li class=\"blocks-gallery-item\"><figure><img loading=\"lazy\" decoding=\"async\" width=\"1024\" height=\"682\" src=\"http:\/\/diariodigitalmx.com\/wp-content\/uploads\/2019\/05\/ROSTROS-OCULTOS-2-1024x682.jpeg\" alt=\"\" data-id=\"3673\" data-link=\"http:\/\/diariodigitalmx.com\/?attachment_id=3673\" class=\"wp-image-3673\" srcset=\"https:\/\/diariodigitalmx.com\/wp-content\/uploads\/2019\/05\/ROSTROS-OCULTOS-2-1024x682.jpeg 1024w, https:\/\/diariodigitalmx.com\/wp-content\/uploads\/2019\/05\/ROSTROS-OCULTOS-2-300x200.jpeg 300w, https:\/\/diariodigitalmx.com\/wp-content\/uploads\/2019\/05\/ROSTROS-OCULTOS-2-768x512.jpeg 768w, https:\/\/diariodigitalmx.com\/wp-content\/uploads\/2019\/05\/ROSTROS-OCULTOS-2.jpeg 1280w\" sizes=\"(max-width: 1024px) 100vw, 1024px\" \/><\/figure><\/li><\/ul>\n\n\n\n<p><em> &nbsp;&nbsp;La exposici\u00f3n podr\u00e1 disfrutarse de martes a viernes 10:00 a 19:00 horas y los domingos de 11:00 a 19:00 horas. <\/em><br><\/p>\n\n\n\n<p><strong>Sobre la obra<\/strong><br><\/p>\n\n\n\n<p> &nbsp;&nbsp;&nbsp;Las pinturas surgen de una fascinaci\u00f3n de la artista por los rostros que evolucionan y se transforman, rostros ocultos que han estado presentes desde la infancia y que est\u00e1n prendidos en su memoria con fijeza y claridad.<\/p>\n\n\n\n<p> &nbsp;&nbsp;&nbsp;Son caras que se van construyendo paulatinamente a trav\u00e9s de la mirada y de los sentimientos. <\/p>\n\n\n\n<p> &nbsp;&nbsp;&nbsp;Se observan rostros desdibujados que guardan los recuerdos vividos durante un per\u00edodo de ansiedad y que han sido transformados en colores que reflejan estados de \u00e1nimo y personalidades. Im\u00e1genes que reflejan un rostro todav\u00eda desconocido y que ahora, por medio del gesto queda atrapado en el cuadro y se vuelve a revivir. &nbsp;&nbsp;&nbsp;En cada pintura se encuentran los ojos de la artista, donde delata sutilmente la identidad escondida. <\/p>\n\n\n\n<ul class=\"wp-block-gallery columns-1 is-cropped wp-block-gallery-2 is-layout-flex wp-block-gallery-is-layout-flex\"><li class=\"blocks-gallery-item\"><figure><img loading=\"lazy\" decoding=\"async\" width=\"1024\" height=\"682\" src=\"http:\/\/diariodigitalmx.com\/wp-content\/uploads\/2019\/05\/ROSTROS-OCULTOS-9-1024x682.jpeg\" alt=\"\" data-id=\"3671\" data-link=\"http:\/\/diariodigitalmx.com\/?attachment_id=3671\" class=\"wp-image-3671\" srcset=\"https:\/\/diariodigitalmx.com\/wp-content\/uploads\/2019\/05\/ROSTROS-OCULTOS-9-1024x682.jpeg 1024w, https:\/\/diariodigitalmx.com\/wp-content\/uploads\/2019\/05\/ROSTROS-OCULTOS-9-300x200.jpeg 300w, https:\/\/diariodigitalmx.com\/wp-content\/uploads\/2019\/05\/ROSTROS-OCULTOS-9-768x512.jpeg 768w, https:\/\/diariodigitalmx.com\/wp-content\/uploads\/2019\/05\/ROSTROS-OCULTOS-9.jpeg 1280w\" sizes=\"(max-width: 1024px) 100vw, 1024px\" \/><\/figure><\/li><\/ul>\n","protected":false},"excerpt":{"rendered":"<p>Un ambiente emotivo se gener\u00f3 durante la inauguraci\u00f3n de la exposici\u00f3n &nbsp;\u201cRostros Ocultos\u201d de la artista Paty Mar\u00eda Trevi\u00f1o en la Galer\u00eda Regia. &nbsp;&nbsp;&nbsp;Los asistentes manifestaron su asombro por el trabajo multicolor, que realiza en contacto directo de su mano con la pintura, pues ella &nbsp;utiliza sus dedos para plasmar sus emociones. &nbsp;&nbsp;&nbsp;La muestra, que [&hellip;]<\/p>\n","protected":false},"author":1,"featured_media":3669,"comment_status":"open","ping_status":"open","sticky":false,"template":"","format":"standard","meta":{"footnotes":""},"categories":[6,3],"tags":[],"_links":{"self":[{"href":"https:\/\/diariodigitalmx.com\/index.php\/wp-json\/wp\/v2\/posts\/3667"}],"collection":[{"href":"https:\/\/diariodigitalmx.com\/index.php\/wp-json\/wp\/v2\/posts"}],"about":[{"href":"https:\/\/diariodigitalmx.com\/index.php\/wp-json\/wp\/v2\/types\/post"}],"author":[{"embeddable":true,"href":"https:\/\/diariodigitalmx.com\/index.php\/wp-json\/wp\/v2\/users\/1"}],"replies":[{"embeddable":true,"href":"https:\/\/diariodigitalmx.com\/index.php\/wp-json\/wp\/v2\/comments?post=3667"}],"version-history":[{"count":5,"href":"https:\/\/diariodigitalmx.com\/index.php\/wp-json\/wp\/v2\/posts\/3667\/revisions"}],"predecessor-version":[{"id":3675,"href":"https:\/\/diariodigitalmx.com\/index.php\/wp-json\/wp\/v2\/posts\/3667\/revisions\/3675"}],"wp:featuredmedia":[{"embeddable":true,"href":"https:\/\/diariodigitalmx.com\/index.php\/wp-json\/wp\/v2\/media\/3669"}],"wp:attachment":[{"href":"https:\/\/diariodigitalmx.com\/index.php\/wp-json\/wp\/v2\/media?parent=3667"}],"wp:term":[{"taxonomy":"category","embeddable":true,"href":"https:\/\/diariodigitalmx.com\/index.php\/wp-json\/wp\/v2\/categories?post=3667"},{"taxonomy":"post_tag","embeddable":true,"href":"https:\/\/diariodigitalmx.com\/index.php\/wp-json\/wp\/v2\/tags?post=3667"}],"curies":[{"name":"wp","href":"https:\/\/api.w.org\/{rel}","templated":true}]}}