{"id":3683,"date":"2019-05-08T22:22:09","date_gmt":"2019-05-09T03:22:09","guid":{"rendered":"http:\/\/diariodigitalmx.com\/?p=3683"},"modified":"2019-05-08T22:26:26","modified_gmt":"2019-05-09T03:26:26","slug":"n-l-en-la-gloria-pero-latente-el-riesgo-de-escalar-mas-violencia-advierte-lider-de-autodefensas","status":"publish","type":"post","link":"https:\/\/diariodigitalmx.com\/index.php\/2019\/05\/08\/n-l-en-la-gloria-pero-latente-el-riesgo-de-escalar-mas-violencia-advierte-lider-de-autodefensas\/","title":{"rendered":"N L en la gloria, pero latente el riesgo de escalar m\u00e1s violencia, advierte l\u00edder de Autodefensas"},"content":{"rendered":"\n<p>*Invitado por la FROC de N. L, presenta su libro  y habla de su lucha por la pacificaci\u00f3n del Pa\u00eds<\/p>\n\n\n\n<p>David Casas<\/p>\n\n\n\n<p>Aunque reconoci\u00f3 que Nuevo Le\u00f3n \u201cesta en la gloria\u201d en materia de seguridad a diferencia de Michoac\u00e1n que aun \u201csigue siendo un infierno\u201d, Jos\u00e9 Manuel M\u00edreles Valverde asegur\u00f3 que en el Estado ya existen grupos de Autodefensas al igual que en 28 entidades del pa\u00eds.<\/p>\n\n\n\n<p>El l\u00edder de las autodefensas michoacanas no quiso dar a conocer, por cautela, el numero de civiles armados, ni el nombre de los dirigentes que encabezan estas c\u00e9lulas: \u201cBueno ya las tienen, porque no se dan a conocer, porque el gobierno se las va a joder en el momento en que se destapen\u201d, se\u00f1al\u00f3.<\/p>\n\n\n\n<p>M\u00edreles Valverde sostuvo una reuni\u00f3n con miembros del Comit\u00e9 Ejecutivo Estatal de la CROC que dirige, Alberto Serna de Le\u00f3n y present\u00f3 en compa\u00f1\u00eda del secretario general del Autotransporte de la central Obrera, Osvaldo Serna Servin su libro \u201cTodos Somos Autodefensas El Despertar de un Pueblo\u201d.<\/p>\n\n\n\n<p>En ese marco, el activista social manifest\u00f3 que la violencia que se registra en Nuevo Le\u00f3n todav\u00eda no se compara con la que se vive en otras entidades de la Rep\u00fablica, pero advirti\u00f3 que si los ciudadanos no se organizan, la inseguridad podr\u00eda llegar a escalas similares a la de estados como Michoac\u00e1n.<\/p>\n\n\n\n<p>&#8220;Mientras ustedes no se organicen como pueblo, mientras ustedes no tengan por lo menos cuatro vigilantes en cada manzana de su pueblo, esto (la violencia) les va ir creciendo&#8221;, consider\u00f3 Mireles Valverde.<\/p>\n\n\n\n<p>Por el momento expres\u00f3, aun Nuevo Le\u00f3n esta en \u201cla gloria\u201d en cuesti\u00f3n de seguridad pues no se han dado afectaciones graves a la comunidad y comparado con Michoac\u00e1n, en nuestro estado todav\u00eda los delincuentes no se meten a las casas a violar mujeres.<\/p>\n\n\n\n<p>\u201cEst\u00e1n en la gloria por muchas razones, comparado con Michoac\u00e1n, en la cuesti\u00f3n de seguridad p\u00fablica, est\u00e1n en la gloria, Michoac\u00e1n sigue estando en el infierno\u201d, dijo durante su ponencia con los croquistas<\/p>\n\n\n\n<p>Tras la conferencia realizada en el auditorio de Los Fundadores del edificio de la CROC, el doctor Jos\u00e9 Manuel Mireles Valverde realiz\u00f3 junto al rector del Instituto Universitario Tecnol\u00f3gico de los Trabajadores, Luis Carlos Longares Vidal un recorrido por las instalaciones del plantel educativo, \u00fanico en Latinoam\u00e9rica y auspiciado desde hace mas de una d\u00e9cada por la organizaci\u00f3n sindical.<\/p>\n\n\n\n<p>El tambien presidente de la Fundaci\u00f3n Mireleles conoci\u00f3 el \u00e1rea del laboratorio de qu\u00edmica, las aulas inteligentes, la sala de computaci\u00f3n y la biblioteca magna que albergara mas de 20 mil vol\u00famenes de libros para el los conocimientos de los estudiantes de la universidad obrera.<\/p>\n\n\n\n<p>\u201cSe ve que las organizaciones que se juntan para fomentar la productividad laboral y educativa esas son las que deben de existir para siempre y debemos ver la forma de que esto se fomente en otros estados de la Rep\u00fablica, no esperar que sea el gobierno federal el que nos de universidades, por el amor de dios\u201d, afirm\u00f3 Mireles Valverde al dar su opini\u00f3n sobre el manejo de la CROC y del IUTT.<\/p>\n\n\n\n<p>Finalmente enfatiz\u00f3 que el motivo de su visita a la ciudad de Monterrey es para promover la cultura de la paz y que esta se replique en otras entidades del pa\u00eds.<br><\/p>\n\n\n\n<p><\/p>\n\n\n\n<p><\/p>\n\n\n\n<ul class=\"wp-block-gallery columns-1 is-cropped wp-block-gallery-1 is-layout-flex wp-block-gallery-is-layout-flex\"><li class=\"blocks-gallery-item\"><figure><img loading=\"lazy\" decoding=\"async\" width=\"620\" height=\"282\" src=\"http:\/\/diariodigitalmx.com\/wp-content\/uploads\/2019\/05\/190508_mireles.jpeg\" alt=\"\" data-id=\"3688\" data-link=\"http:\/\/diariodigitalmx.com\/?attachment_id=3688\" class=\"wp-image-3688\" srcset=\"https:\/\/diariodigitalmx.com\/wp-content\/uploads\/2019\/05\/190508_mireles.jpeg 620w, https:\/\/diariodigitalmx.com\/wp-content\/uploads\/2019\/05\/190508_mireles-300x136.jpeg 300w\" sizes=\"(max-width: 620px) 100vw, 620px\" \/><\/figure><\/li><\/ul>\n\n\n\n<ul class=\"wp-block-gallery columns-1 is-cropped wp-block-gallery-2 is-layout-flex wp-block-gallery-is-layout-flex\"><li class=\"blocks-gallery-item\"><figure><img loading=\"lazy\" decoding=\"async\" width=\"1024\" height=\"768\" src=\"http:\/\/diariodigitalmx.com\/wp-content\/uploads\/2019\/05\/FB_IMG_1557372281852-1024x768.jpg\" alt=\"\" data-id=\"3690\" data-link=\"http:\/\/diariodigitalmx.com\/index.php\/2019\/05\/08\/n-l-en-la-gloria-pero-latente-el-riesgo-de-escalar-mas-violencia-advierte-lider-de-autodefensas\/fb_img_1557372281852\/\" class=\"wp-image-3690\" srcset=\"https:\/\/diariodigitalmx.com\/wp-content\/uploads\/2019\/05\/FB_IMG_1557372281852-1024x768.jpg 1024w, https:\/\/diariodigitalmx.com\/wp-content\/uploads\/2019\/05\/FB_IMG_1557372281852-300x225.jpg 300w, https:\/\/diariodigitalmx.com\/wp-content\/uploads\/2019\/05\/FB_IMG_1557372281852-768x576.jpg 768w, https:\/\/diariodigitalmx.com\/wp-content\/uploads\/2019\/05\/FB_IMG_1557372281852.jpg 1280w\" sizes=\"(max-width: 1024px) 100vw, 1024px\" \/><\/figure><\/li><\/ul>\n\n\n\n<ul class=\"wp-block-gallery columns-1 is-cropped wp-block-gallery-3 is-layout-flex wp-block-gallery-is-layout-flex\"><li class=\"blocks-gallery-item\"><figure><img loading=\"lazy\" decoding=\"async\" width=\"768\" height=\"1024\" src=\"http:\/\/diariodigitalmx.com\/wp-content\/uploads\/2019\/05\/FB_IMG_1557372250439-768x1024.jpg\" alt=\"\" data-id=\"3693\" data-link=\"http:\/\/diariodigitalmx.com\/index.php\/2019\/05\/08\/n-l-en-la-gloria-pero-latente-el-riesgo-de-escalar-mas-violencia-advierte-lider-de-autodefensas\/fb_img_1557372250439\/\" class=\"wp-image-3693\" srcset=\"https:\/\/diariodigitalmx.com\/wp-content\/uploads\/2019\/05\/FB_IMG_1557372250439-768x1024.jpg 768w, https:\/\/diariodigitalmx.com\/wp-content\/uploads\/2019\/05\/FB_IMG_1557372250439-225x300.jpg 225w, https:\/\/diariodigitalmx.com\/wp-content\/uploads\/2019\/05\/FB_IMG_1557372250439.jpg 780w\" sizes=\"(max-width: 768px) 100vw, 768px\" \/><\/figure><\/li><\/ul>\n","protected":false},"excerpt":{"rendered":"<p>*Invitado por la FROC de N. L, presenta su libro y habla de su lucha por la pacificaci\u00f3n del Pa\u00eds David Casas Aunque reconoci\u00f3 que Nuevo Le\u00f3n \u201cesta en la gloria\u201d en materia de seguridad a diferencia de Michoac\u00e1n que aun \u201csigue siendo un infierno\u201d, Jos\u00e9 Manuel M\u00edreles Valverde asegur\u00f3 que en el Estado ya [&hellip;]<\/p>\n","protected":false},"author":1,"featured_media":3687,"comment_status":"open","ping_status":"open","sticky":false,"template":"","format":"standard","meta":{"footnotes":""},"categories":[6,3],"tags":[],"_links":{"self":[{"href":"https:\/\/diariodigitalmx.com\/index.php\/wp-json\/wp\/v2\/posts\/3683"}],"collection":[{"href":"https:\/\/diariodigitalmx.com\/index.php\/wp-json\/wp\/v2\/posts"}],"about":[{"href":"https:\/\/diariodigitalmx.com\/index.php\/wp-json\/wp\/v2\/types\/post"}],"author":[{"embeddable":true,"href":"https:\/\/diariodigitalmx.com\/index.php\/wp-json\/wp\/v2\/users\/1"}],"replies":[{"embeddable":true,"href":"https:\/\/diariodigitalmx.com\/index.php\/wp-json\/wp\/v2\/comments?post=3683"}],"version-history":[{"count":6,"href":"https:\/\/diariodigitalmx.com\/index.php\/wp-json\/wp\/v2\/posts\/3683\/revisions"}],"predecessor-version":[{"id":3694,"href":"https:\/\/diariodigitalmx.com\/index.php\/wp-json\/wp\/v2\/posts\/3683\/revisions\/3694"}],"wp:featuredmedia":[{"embeddable":true,"href":"https:\/\/diariodigitalmx.com\/index.php\/wp-json\/wp\/v2\/media\/3687"}],"wp:attachment":[{"href":"https:\/\/diariodigitalmx.com\/index.php\/wp-json\/wp\/v2\/media?parent=3683"}],"wp:term":[{"taxonomy":"category","embeddable":true,"href":"https:\/\/diariodigitalmx.com\/index.php\/wp-json\/wp\/v2\/categories?post=3683"},{"taxonomy":"post_tag","embeddable":true,"href":"https:\/\/diariodigitalmx.com\/index.php\/wp-json\/wp\/v2\/tags?post=3683"}],"curies":[{"name":"wp","href":"https:\/\/api.w.org\/{rel}","templated":true}]}}