{"id":3695,"date":"2019-05-09T05:51:25","date_gmt":"2019-05-09T10:51:25","guid":{"rendered":"http:\/\/diariodigitalmx.com\/?p=3695"},"modified":"2019-06-03T12:55:48","modified_gmt":"2019-06-03T17:55:48","slug":"reconoce-gobierno-de-monterrey-a-campeones-de-futbol-sub-10","status":"publish","type":"post","link":"https:\/\/diariodigitalmx.com\/index.php\/2019\/05\/09\/reconoce-gobierno-de-monterrey-a-campeones-de-futbol-sub-10\/","title":{"rendered":"Reconoce gobierno de Monterrey a campeones de f\u00fatbol Sub-10"},"content":{"rendered":"\n<p><br><\/p>\n\n\n\n<p> &nbsp;&nbsp;&nbsp;&nbsp;El Gobierno de Monterrey reconoci\u00f3 a la selecci\u00f3n Nuevo Le\u00f3n de futbol Sub-10, de la Academia Tigres Poniente, por el campeonato nacional en la categor\u00eda 2008 y menores.<br><\/p>\n\n\n\n<p> &nbsp;&nbsp;&nbsp;&nbsp;&nbsp;El Alcalde Adri\u00e1n de la Garza, salud\u00f3 a los ni\u00f1os que lograron el primer lugar de la competencia a nivel nacional, luego de 20 a\u00f1os de no alcanzar esta meta.<br><\/p>\n\n\n\n<p> &nbsp;&nbsp;&nbsp;&nbsp;&nbsp;&nbsp;Los familiares de los campeones, el cuerpo t\u00e9cnico y los ni\u00f1os ganadores, recibieron un saludo de parte del Mun\u00edcipe regio, quien les entreg\u00f3 un reconocimiento por su esfuerzo y los conmin\u00f3 a seguir practicando deporte y continuar sus estudios, aunque se conviertan en deportistas profesionales.<br><\/p>\n\n\n\n<p> &nbsp;&nbsp;&nbsp;&nbsp;&nbsp;&nbsp;En su mensaje, les agradeci\u00f3 por poner el nombre de Monterrey en alto.<br><\/p>\n\n\n\n<p> &nbsp;&nbsp;&nbsp;&nbsp;&nbsp;&nbsp;\u201cUstedes se levantaron todos los d\u00edas e hicieron un gran esfuerzo para llegar a hacer lo que hicieron, que no es f\u00e1cil ser campeones de toda la Rep\u00fablica Mexicana en su categor\u00eda pues es un gran esfuerzo, el cual les reconocemos el d\u00eda de hoy y reconocemos tambi\u00e9n a sus pap\u00e1s porque tambi\u00e9n tuvieron que esforzarse\u201d.<br><\/p>\n\n\n\n<p> &nbsp;&nbsp;&nbsp;&nbsp;\u201cUstedes son ejemplo de lo que se puede lograr hacer con disciplina, as\u00ed que muchas felicidades\u201d les dijo el presidente municipal de Monterrey.<br> &nbsp;&nbsp;&nbsp;&nbsp;&nbsp;En la entrega del reconocimiento estuvieron presentes el secretario de Desarrollo Social, Rafael Ramos de la Garza y el director de Deportes, Salvador Trevi\u00f1o Flores.<\/p>\n\n\n\n<ul class=\"wp-block-gallery columns-1 is-cropped wp-block-gallery-1 is-layout-flex wp-block-gallery-is-layout-flex\"><li class=\"blocks-gallery-item\"><figure><img loading=\"lazy\" decoding=\"async\" width=\"1024\" height=\"682\" src=\"http:\/\/diariodigitalmx.com\/wp-content\/uploads\/2019\/05\/SUB-10-1-1024x682.jpeg\" alt=\"\" data-id=\"3700\" data-link=\"http:\/\/diariodigitalmx.com\/?attachment_id=3700\" class=\"wp-image-3700\" srcset=\"https:\/\/diariodigitalmx.com\/wp-content\/uploads\/2019\/05\/SUB-10-1-1024x682.jpeg 1024w, https:\/\/diariodigitalmx.com\/wp-content\/uploads\/2019\/05\/SUB-10-1-300x200.jpeg 300w, https:\/\/diariodigitalmx.com\/wp-content\/uploads\/2019\/05\/SUB-10-1-768x512.jpeg 768w, https:\/\/diariodigitalmx.com\/wp-content\/uploads\/2019\/05\/SUB-10-1.jpeg 1280w\" sizes=\"(max-width: 1024px) 100vw, 1024px\" \/><\/figure><\/li><\/ul>\n","protected":false},"excerpt":{"rendered":"<p>&nbsp;&nbsp;&nbsp;&nbsp;El Gobierno de Monterrey reconoci\u00f3 a la selecci\u00f3n Nuevo Le\u00f3n de futbol Sub-10, de la Academia Tigres Poniente, por el campeonato nacional en la categor\u00eda 2008 y menores. &nbsp;&nbsp;&nbsp;&nbsp;&nbsp;El Alcalde Adri\u00e1n de la Garza, salud\u00f3 a los ni\u00f1os que lograron el primer lugar de la competencia a nivel nacional, luego de 20 a\u00f1os de no [&hellip;]<\/p>\n","protected":false},"author":1,"featured_media":3698,"comment_status":"open","ping_status":"open","sticky":true,"template":"","format":"standard","meta":{"footnotes":""},"categories":[8,3],"tags":[],"_links":{"self":[{"href":"https:\/\/diariodigitalmx.com\/index.php\/wp-json\/wp\/v2\/posts\/3695"}],"collection":[{"href":"https:\/\/diariodigitalmx.com\/index.php\/wp-json\/wp\/v2\/posts"}],"about":[{"href":"https:\/\/diariodigitalmx.com\/index.php\/wp-json\/wp\/v2\/types\/post"}],"author":[{"embeddable":true,"href":"https:\/\/diariodigitalmx.com\/index.php\/wp-json\/wp\/v2\/users\/1"}],"replies":[{"embeddable":true,"href":"https:\/\/diariodigitalmx.com\/index.php\/wp-json\/wp\/v2\/comments?post=3695"}],"version-history":[{"count":4,"href":"https:\/\/diariodigitalmx.com\/index.php\/wp-json\/wp\/v2\/posts\/3695\/revisions"}],"predecessor-version":[{"id":3701,"href":"https:\/\/diariodigitalmx.com\/index.php\/wp-json\/wp\/v2\/posts\/3695\/revisions\/3701"}],"wp:featuredmedia":[{"embeddable":true,"href":"https:\/\/diariodigitalmx.com\/index.php\/wp-json\/wp\/v2\/media\/3698"}],"wp:attachment":[{"href":"https:\/\/diariodigitalmx.com\/index.php\/wp-json\/wp\/v2\/media?parent=3695"}],"wp:term":[{"taxonomy":"category","embeddable":true,"href":"https:\/\/diariodigitalmx.com\/index.php\/wp-json\/wp\/v2\/categories?post=3695"},{"taxonomy":"post_tag","embeddable":true,"href":"https:\/\/diariodigitalmx.com\/index.php\/wp-json\/wp\/v2\/tags?post=3695"}],"curies":[{"name":"wp","href":"https:\/\/api.w.org\/{rel}","templated":true}]}}