{"id":3706,"date":"2019-05-09T09:03:48","date_gmt":"2019-05-09T14:03:48","guid":{"rendered":"http:\/\/diariodigitalmx.com\/?p=3706"},"modified":"2019-05-09T09:04:32","modified_gmt":"2019-05-09T14:04:32","slug":"prudencia-en-la-relacion-con-estados-unidos-reitera-amlo","status":"publish","type":"post","link":"https:\/\/diariodigitalmx.com\/index.php\/2019\/05\/09\/prudencia-en-la-relacion-con-estados-unidos-reitera-amlo\/","title":{"rendered":"Prudencia en la relaci\u00f3n con Estados Unidos, reitera AMLO"},"content":{"rendered":"\n<p><strong>Armando Zu\u00f1iga<\/strong><br><\/p>\n\n\n\n<p><strong>\u00a0 En los \u00faltimos d\u00edas,\u00a0el presidente Andr\u00e9s Manuel L\u00f3pez Obrador,\u00a0ha sido cuestionado por no fijar su postura sobre el nuevo arancel impuesto por el gobierno de\u00a0Estados Unidos, al\u00a0jitomate mexicano.<\/strong><\/p>\n\n\n\n<p><strong>Ante ello y sobre el tema de la relaci\u00f3n con Estados Unidos, reiter\u00f3 que no se van a pelear y se actuar\u00e1 con mucha prudencia.<\/strong><\/p>\n\n\n\n<p><strong>Durante la ma\u00f1anera de este jueves, destac\u00f3 que hay una permanente comunicaci\u00f3n con la administraci\u00f3n de EU, que encabeza&nbsp;Donald Trump, destacando que el canciller&nbsp;mexicano&nbsp;Marcelo Ebrard,&nbsp;est\u00e1 en constante comunicaci\u00f3n con los secretarios estadounidenses.<\/strong><\/p>\n\n\n\n<p><strong>\u201c<\/strong><strong>Estamos actuando con mucha prudencia. Hay circunstancias especiales, ya hemos hablado de eso como las elecciones en&nbsp;Estados Unidos\u201d, finaliz\u00f3.<\/strong><\/p>\n\n\n\n<p><\/p>\n","protected":false},"excerpt":{"rendered":"<p>Armando Zu\u00f1iga \u00a0 En los \u00faltimos d\u00edas,\u00a0el presidente Andr\u00e9s Manuel L\u00f3pez Obrador,\u00a0ha sido cuestionado por no fijar su postura sobre el nuevo arancel impuesto por el gobierno de\u00a0Estados Unidos, al\u00a0jitomate mexicano. Ante ello y sobre el tema de la relaci\u00f3n con Estados Unidos, reiter\u00f3 que no se van a pelear y se actuar\u00e1 con mucha [&hellip;]<\/p>\n","protected":false},"author":1,"featured_media":3708,"comment_status":"open","ping_status":"open","sticky":false,"template":"","format":"standard","meta":{"footnotes":""},"categories":[2,3],"tags":[],"_links":{"self":[{"href":"https:\/\/diariodigitalmx.com\/index.php\/wp-json\/wp\/v2\/posts\/3706"}],"collection":[{"href":"https:\/\/diariodigitalmx.com\/index.php\/wp-json\/wp\/v2\/posts"}],"about":[{"href":"https:\/\/diariodigitalmx.com\/index.php\/wp-json\/wp\/v2\/types\/post"}],"author":[{"embeddable":true,"href":"https:\/\/diariodigitalmx.com\/index.php\/wp-json\/wp\/v2\/users\/1"}],"replies":[{"embeddable":true,"href":"https:\/\/diariodigitalmx.com\/index.php\/wp-json\/wp\/v2\/comments?post=3706"}],"version-history":[{"count":2,"href":"https:\/\/diariodigitalmx.com\/index.php\/wp-json\/wp\/v2\/posts\/3706\/revisions"}],"predecessor-version":[{"id":3710,"href":"https:\/\/diariodigitalmx.com\/index.php\/wp-json\/wp\/v2\/posts\/3706\/revisions\/3710"}],"wp:featuredmedia":[{"embeddable":true,"href":"https:\/\/diariodigitalmx.com\/index.php\/wp-json\/wp\/v2\/media\/3708"}],"wp:attachment":[{"href":"https:\/\/diariodigitalmx.com\/index.php\/wp-json\/wp\/v2\/media?parent=3706"}],"wp:term":[{"taxonomy":"category","embeddable":true,"href":"https:\/\/diariodigitalmx.com\/index.php\/wp-json\/wp\/v2\/categories?post=3706"},{"taxonomy":"post_tag","embeddable":true,"href":"https:\/\/diariodigitalmx.com\/index.php\/wp-json\/wp\/v2\/tags?post=3706"}],"curies":[{"name":"wp","href":"https:\/\/api.w.org\/{rel}","templated":true}]}}