{"id":372,"date":"2019-02-20T09:53:07","date_gmt":"2019-02-20T15:53:07","guid":{"rendered":"http:\/\/diariodigitalmx.com\/?p=372"},"modified":"2019-02-20T09:53:09","modified_gmt":"2019-02-20T15:53:09","slug":"al-consejo-del-tec-de-monterrey-van-tres-empresarios-son-aprobados-en-asamblea","status":"publish","type":"post","link":"https:\/\/diariodigitalmx.com\/index.php\/2019\/02\/20\/al-consejo-del-tec-de-monterrey-van-tres-empresarios-son-aprobados-en-asamblea\/","title":{"rendered":"Al Consejo del Tec de Monterrey van tres empresarios; son aprobados en asamblea"},"content":{"rendered":"\n<p>\n\nDavid Casas<br><br>Monterrey, N. L.- El Consejo Directivo del Tecnol\u00f3gico de Monterrey, que encabeza Jos\u00e9 Antonio Fern\u00e1ndez Carbajal, aprob\u00f3 la entrada de tres nuevos miembros que cumplieron su funci\u00f3n en esa instituci\u00f3n de educaci\u00f3n privada.<br><br>Se trata de Arturo Zapata Gu\u00edzar, presidente de Corporaci\u00f3n Zapata; Jos\u00e9 Coppel Luken, de Grupo Coppel, y Lorenzo Barrera Segovia, director general de Banco Base.<\/p>\n\n\n\n<p>En la Asamblea de Consejeros realizada aqu\u00ed en el Campus Monterrey se inform\u00f3 que los nuevos integrantes&nbsp; sustituyen a Alfonso Gonz\u00e1lez Migoya, presidente de Volaris; Miguel Schwarz Marxm, Director general de Ixtera de Santa Catarina y Santa Catarina Habitacional, y&nbsp; a Roberto Villarreal Ma\u00edz, Director de Fundilag.<\/p>\n\n\n\n<p>Salvador Alva, presidente del Tec, y quienes integran la Asamblea de Consejeros&nbsp; del ITESM aprobaron la llegada de los nuevos integrantes, destacados hombres de negocios en el pa\u00eds.<br><br>David Garza, Rector del Tec, y Bruzo Zepeda VP de Operaciones hicieron la presentaci\u00f3n del Modelo Educativo TEC21, que calificaron como&nbsp; innovador y disruptivo modelo de formaci\u00f3n que dar\u00e1 a los egresados los elementos para tener \u00e9xito en el complejo mundo actual, y que entra en marcha en el siguiente ciclo escolar.<br><br>A la Reuni\u00f3n Nacional de Consejeros 2019, que es integrada por alrededor de 600 miembros, los asistentes tambi\u00e9n escucharon ponentes como el propio Salvador Alva present\u00f3 el Informe Anual de Actividades 2018, Juan Enr\u00edquez Cabot, director general de Excel Venture Management; de Raj Sisodia co-fundador de Concious Capitalism Inc y Dan Pallota, fundador y presidente del Charity Defense Council, entre otros.<\/p>\n\n\n\n<ul><li><br>\n\n<\/li><\/ul>\n","protected":false},"excerpt":{"rendered":"<p>David Casas Monterrey, N. L.- El Consejo Directivo del Tecnol\u00f3gico de Monterrey, que encabeza Jos\u00e9 Antonio Fern\u00e1ndez Carbajal, aprob\u00f3 la entrada de tres nuevos miembros que cumplieron su funci\u00f3n en esa instituci\u00f3n de educaci\u00f3n privada. Se trata de Arturo Zapata Gu\u00edzar, presidente de Corporaci\u00f3n Zapata; Jos\u00e9 Coppel Luken, de Grupo Coppel, y Lorenzo Barrera Segovia, [&hellip;]<\/p>\n","protected":false},"author":1,"featured_media":373,"comment_status":"open","ping_status":"open","sticky":true,"template":"","format":"standard","meta":{"footnotes":""},"categories":[10],"tags":[],"_links":{"self":[{"href":"https:\/\/diariodigitalmx.com\/index.php\/wp-json\/wp\/v2\/posts\/372"}],"collection":[{"href":"https:\/\/diariodigitalmx.com\/index.php\/wp-json\/wp\/v2\/posts"}],"about":[{"href":"https:\/\/diariodigitalmx.com\/index.php\/wp-json\/wp\/v2\/types\/post"}],"author":[{"embeddable":true,"href":"https:\/\/diariodigitalmx.com\/index.php\/wp-json\/wp\/v2\/users\/1"}],"replies":[{"embeddable":true,"href":"https:\/\/diariodigitalmx.com\/index.php\/wp-json\/wp\/v2\/comments?post=372"}],"version-history":[{"count":1,"href":"https:\/\/diariodigitalmx.com\/index.php\/wp-json\/wp\/v2\/posts\/372\/revisions"}],"predecessor-version":[{"id":374,"href":"https:\/\/diariodigitalmx.com\/index.php\/wp-json\/wp\/v2\/posts\/372\/revisions\/374"}],"wp:featuredmedia":[{"embeddable":true,"href":"https:\/\/diariodigitalmx.com\/index.php\/wp-json\/wp\/v2\/media\/373"}],"wp:attachment":[{"href":"https:\/\/diariodigitalmx.com\/index.php\/wp-json\/wp\/v2\/media?parent=372"}],"wp:term":[{"taxonomy":"category","embeddable":true,"href":"https:\/\/diariodigitalmx.com\/index.php\/wp-json\/wp\/v2\/categories?post=372"},{"taxonomy":"post_tag","embeddable":true,"href":"https:\/\/diariodigitalmx.com\/index.php\/wp-json\/wp\/v2\/tags?post=372"}],"curies":[{"name":"wp","href":"https:\/\/api.w.org\/{rel}","templated":true}]}}