{"id":3729,"date":"2019-05-09T19:58:30","date_gmt":"2019-05-10T00:58:30","guid":{"rendered":"http:\/\/diariodigitalmx.com\/?p=3729"},"modified":"2019-05-09T19:58:32","modified_gmt":"2019-05-10T00:58:32","slug":"ucma-la-respuesta-oficial-contra-la-diabetes","status":"publish","type":"post","link":"https:\/\/diariodigitalmx.com\/index.php\/2019\/05\/09\/ucma-la-respuesta-oficial-contra-la-diabetes\/","title":{"rendered":"UCMA, la respuesta oficial contra la diabetes"},"content":{"rendered":"\n<p><br><\/p>\n\n\n\n<p><strong>Celebran trotando y caminando el primer a\u00f1o de la \u00fanica Unidad especializada en enfermedades cr\u00f3nicas degenerativas del Instituto Mexicano del Seguro Social en nuestro pa\u00eds.<\/strong><\/p>\n\n\n\n<ul class=\"wp-block-gallery columns-1 is-cropped wp-block-gallery-1 is-layout-flex wp-block-gallery-is-layout-flex\"><li class=\"blocks-gallery-item\"><figure><img loading=\"lazy\" decoding=\"async\" width=\"1024\" height=\"683\" src=\"http:\/\/diariodigitalmx.com\/wp-content\/uploads\/2019\/05\/recorrido-por-pasaje-comercial-Morelos-1024x683.jpg\" alt=\"\" data-id=\"3733\" data-link=\"http:\/\/diariodigitalmx.com\/?attachment_id=3733\" class=\"wp-image-3733\" srcset=\"https:\/\/diariodigitalmx.com\/wp-content\/uploads\/2019\/05\/recorrido-por-pasaje-comercial-Morelos-1024x683.jpg 1024w, https:\/\/diariodigitalmx.com\/wp-content\/uploads\/2019\/05\/recorrido-por-pasaje-comercial-Morelos-300x200.jpg 300w, https:\/\/diariodigitalmx.com\/wp-content\/uploads\/2019\/05\/recorrido-por-pasaje-comercial-Morelos-768x512.jpg 768w\" sizes=\"(max-width: 1024px) 100vw, 1024px\" \/><\/figure><\/li><\/ul>\n\n\n\n<p>Por: Ra\u00fal Emigdio Guevara Ortiz.- Todo parec\u00eda ser\u00eda una ma\u00f1ana normal para quienes transitaban para sus trabajos, escuelas o alg\u00fan otro tipo de actividades por el Paseo Comercial Morelos la ma\u00f1ana de este 9 de mayo, pero no era as\u00ed &nbsp;porque medio centenar de pacientes del IMSS celebraba con una caminata el primer aniversario de la Unidad Control Metab\u00f3lico Ambulatorio (UCMA), la \u00fanica en su tipo en el pa\u00eds.<br><\/p>\n\n\n\n<p>Ellos, la mayor\u00eda con padecimiento de diabetes tipo \u201cB\u201d, unidos con su equipo de especialistas iniciaron el recorrido partiendo de la &nbsp;calle Ju\u00e1rez hasta llegar a la calle Zaragoza y retornarse &nbsp;nuevamente por el c\u00e9ntrico paseo comercial y llegar a la simb\u00f3lica meta ubicada en la puerta del Condominio Monterrey el viejo edificio &nbsp;de la moderna ciudad capital regia ahora rescatado en su torre1 por el Instituto Mexicano del Seguro Social para instalar la Unidad de Control &nbsp;Metab\u00f3lico Ambulatorio que da atenci\u00f3n especializada a cientos de pacientes con enfermedades cr\u00f3nico \u2013 degenerativas.<br><\/p>\n\n\n\n<p>\u201cEste d\u00eda estamos celebrando nuestro primer aniversario de estar en operaci\u00f3n y junto con \u00e9l la tercera generaci\u00f3n de pacientes graduados en esta Unidad perteneciente al Instituto Mexicano del Seguro Social de primer nivel de atenci\u00f3n que se especializa en la atenci\u00f3n de pacientes con padecimientos cr\u00f3nicos como diabetes mellitus, hipertensi\u00f3n arterial y dislipidemia, es decir la poblaci\u00f3n que padece del az\u00facar, alta presi\u00f3n o de las grasas altas y que &nbsp;por alguna situaci\u00f3n no ha logrado un control metab\u00f3lico adecuado en las Unidades de Medicina Familiar pese a toda la intervenci\u00f3n multidisciplinaria &nbsp;que se les hacen en las unidades los cuales se valoran para ser referidos aqu\u00ed\u201d, inform\u00f3 la doctora Sara Mar\u00eda &nbsp;Estevane D\u00edaz, directora del UCMA en Nuevo Le\u00f3n.<br><\/p>\n\n\n\n<p>Equipada con modernos equipos algunos de ellos de \u00faltima generaci\u00f3n tecnol\u00f3gica &nbsp;para la atenci\u00f3n de los pacientes referidos, sumado al grupo de especialistas cuidadosamente seleccionados en las \u00e1reas de medicina, psicolog\u00eda, oftalmolog\u00eda, cardiolog\u00eda, trabajo social, rehabilitaci\u00f3n f\u00edsica y enfermer\u00eda, la unidad ubicada en los pisos 3 al 6 de la torre 1 del Condominio Monterrey que abarca las calles de Morelos, &nbsp;Ju\u00e1rez, Padre Mier y Leona Vicario arriba del pasaje comercial Interplaza inicio sus operaciones en forma oficial 9 de mayo del a\u00f1o 2018 con capacidad para atender a cerca de 120 pacientes diariamente de jueves a s\u00e1bado de 8 de la ma\u00f1ana a 9 de la noche.<\/p>\n\n\n\n<p>\u201cLos pacientes que nosotros recibimos para atenci\u00f3n de los pacientes de las 52 Unidades de Medicina Familiar &nbsp;de la delegaci\u00f3n Nuevo Le\u00f3n basado en tres criterios: aquellos pacientes que padecen de diabetes, de hipertensi\u00f3n, dilipidemia que no tienen un control metab\u00f3lico adecuado de acuerdo a sus cifras de glucosa, de hemoglobina glicada, las cifras de presi\u00f3n arterial o las cifras de colesterol o triglic\u00e9ridos y que pese a que ya tuvieron una intervenci\u00f3n del equipo de esa Unidad de Medicina Familiar con el m\u00e9dico, el psic\u00f3logo, el nutri\u00f3logo &nbsp;y no se logr\u00f3 el control en esos par\u00e1metros del laboratorio entonces ya pensamos que est\u00e1n cumpliendo con uno los tres par\u00e1metros &nbsp;para \u00e9l envi\u00f3 aqu\u00ed a la UCMA\u201d, se\u00f1al\u00f3 la especialista.<br><\/p>\n\n\n\n<p>Otros de los criterios requeridos por los pacientes son \u201cque los pacientes no tengan complicaciones importantes a la hora del env\u00edo y el tercer &nbsp;punto es que el paciente haya estado en alguna intervenci\u00f3n educativa como los que se tienen en las unidades donde existen una gran cantidad de programas que invitan a los pacientes a modificar h\u00e1bitos y adaptar aquellos que son m\u00e1s saludables y le ayudan a evitar el desarrollo de las enfermedades o bien controlarlas \u00e9l\u201d, dijo Estevane D\u00edaz.<br><\/p>\n\n\n\n<p>Durante las actividades realizadas para la conmemoraci\u00f3n del primer aniversario de la UCMA se llev\u00f3 a cabo la entrega de reconocimientos a los pacientes de la tercera generaci\u00f3n egresados de la unidad, evento que estuvo encabezado por el delegado del IMSS en Nuevo Le\u00f3n, Ricardo Canavati Hadj\u00f3pulos &nbsp;y de Jos\u00e9 Luis Garza Ibarra, dirigente del Sindicato de Trabajadores del Seguro Social en el estado quienes destacaron los avances logrados por esta Unidad en el a\u00f1o donde se han atendido a cerca 5 mil novecientos pacientes en un proyecto denominado como innovador en el IMSS porque por primera vez se re\u00fane a un equipo multidisciplinario para la atenci\u00f3n en el mismo lugar y en un mismo momento.<br><\/p>\n\n\n\n<p>Actualmente, comenta la doctora Sara Mar\u00eda Estevane D\u00edaz, la diabetes &nbsp;es una enfermedad que aqueja a nivel mundial y &nbsp;a todos los sistemas salud p\u00fablicos y privados &nbsp;que a nivel mundial ya supera los 4 millones, desde el 2016 en M\u00e9xico se determin\u00f3 que era una alerta epidemiol\u00f3gica debido a que los estilos de vida que se llevan hoy en d\u00eda se descuida la alimentaci\u00f3n y es m\u00e1s f\u00e1cil optar por comida r\u00e1pida preelaborada o comer en la calle por los tiempos tan limitados que se tienen aunado a las jornadas de trabajo m\u00e1s las distancias que recorrer disminuyen las posibilidades se busquen espacios para hacer ejercicio.<br><\/p>\n\n\n\n<p>Durante el evento autoridades, especialistas m\u00e9dicos y los propios pacientes realizaron realizar un an\u00e1lisis de los avances alcanzados por el UCMA en su primer a\u00f1o de operaci\u00f3n, buscando con ello elevar la calidad de los servicios prestados, con la finalidad de seguir mejorando la calidad de vida de quienes padecen estas enfermedades. &nbsp;<\/p>\n\n\n\n<ul class=\"wp-block-gallery columns-1 is-cropped wp-block-gallery-2 is-layout-flex wp-block-gallery-is-layout-flex\"><li class=\"blocks-gallery-item\"><figure><img loading=\"lazy\" decoding=\"async\" width=\"1024\" height=\"683\" src=\"http:\/\/diariodigitalmx.com\/wp-content\/uploads\/2019\/05\/equipo-adecuado-para-rehabilitaci\u00f3n-f\u00edsica-1024x683.jpg\" alt=\"\" data-id=\"3735\" data-link=\"http:\/\/diariodigitalmx.com\/?attachment_id=3735\" class=\"wp-image-3735\" srcset=\"https:\/\/diariodigitalmx.com\/wp-content\/uploads\/2019\/05\/equipo-adecuado-para-rehabilitaci\u00f3n-f\u00edsica-1024x683.jpg 1024w, https:\/\/diariodigitalmx.com\/wp-content\/uploads\/2019\/05\/equipo-adecuado-para-rehabilitaci\u00f3n-f\u00edsica-300x200.jpg 300w, https:\/\/diariodigitalmx.com\/wp-content\/uploads\/2019\/05\/equipo-adecuado-para-rehabilitaci\u00f3n-f\u00edsica-768x512.jpg 768w\" sizes=\"(max-width: 1024px) 100vw, 1024px\" \/><\/figure><\/li><\/ul>\n\n\n\n<ul class=\"wp-block-gallery columns-1 is-cropped wp-block-gallery-3 is-layout-flex wp-block-gallery-is-layout-flex\"><li class=\"blocks-gallery-item\"><figure><img loading=\"lazy\" decoding=\"async\" width=\"1024\" height=\"683\" src=\"http:\/\/diariodigitalmx.com\/wp-content\/uploads\/2019\/05\/salida-1024x683.jpg\" alt=\"\" data-id=\"3737\" data-link=\"http:\/\/diariodigitalmx.com\/?attachment_id=3737\" class=\"wp-image-3737\" srcset=\"https:\/\/diariodigitalmx.com\/wp-content\/uploads\/2019\/05\/salida-1024x683.jpg 1024w, https:\/\/diariodigitalmx.com\/wp-content\/uploads\/2019\/05\/salida-300x200.jpg 300w, https:\/\/diariodigitalmx.com\/wp-content\/uploads\/2019\/05\/salida-768x512.jpg 768w\" sizes=\"(max-width: 1024px) 100vw, 1024px\" \/><\/figure><\/li><\/ul>\n\n\n\n<ul class=\"wp-block-gallery columns-1 is-cropped wp-block-gallery-4 is-layout-flex wp-block-gallery-is-layout-flex\"><li class=\"blocks-gallery-item\"><figure><img loading=\"lazy\" decoding=\"async\" width=\"1024\" height=\"683\" src=\"http:\/\/diariodigitalmx.com\/wp-content\/uploads\/2019\/05\/monitoreo-de-presi\u00f3n-1024x683.jpg\" alt=\"\" data-id=\"3739\" data-link=\"http:\/\/diariodigitalmx.com\/?attachment_id=3739\" class=\"wp-image-3739\" srcset=\"https:\/\/diariodigitalmx.com\/wp-content\/uploads\/2019\/05\/monitoreo-de-presi\u00f3n-1024x683.jpg 1024w, https:\/\/diariodigitalmx.com\/wp-content\/uploads\/2019\/05\/monitoreo-de-presi\u00f3n-300x200.jpg 300w, https:\/\/diariodigitalmx.com\/wp-content\/uploads\/2019\/05\/monitoreo-de-presi\u00f3n-768x512.jpg 768w\" sizes=\"(max-width: 1024px) 100vw, 1024px\" \/><\/figure><\/li><\/ul>\n\n\n\n<ul class=\"wp-block-gallery columns-1 is-cropped wp-block-gallery-5 is-layout-flex wp-block-gallery-is-layout-flex\"><li class=\"blocks-gallery-item\"><figure><img loading=\"lazy\" decoding=\"async\" width=\"683\" height=\"1024\" src=\"http:\/\/diariodigitalmx.com\/wp-content\/uploads\/2019\/05\/acodicionamiento-f\u00edsico-personalizado-683x1024.jpg\" alt=\"\" data-id=\"3741\" data-link=\"http:\/\/diariodigitalmx.com\/?attachment_id=3741\" class=\"wp-image-3741\" srcset=\"https:\/\/diariodigitalmx.com\/wp-content\/uploads\/2019\/05\/acodicionamiento-f\u00edsico-personalizado-683x1024.jpg 683w, https:\/\/diariodigitalmx.com\/wp-content\/uploads\/2019\/05\/acodicionamiento-f\u00edsico-personalizado-200x300.jpg 200w, https:\/\/diariodigitalmx.com\/wp-content\/uploads\/2019\/05\/acodicionamiento-f\u00edsico-personalizado-768x1152.jpg 768w\" sizes=\"(max-width: 683px) 100vw, 683px\" \/><\/figure><\/li><\/ul>\n","protected":false},"excerpt":{"rendered":"<p>Celebran trotando y caminando el primer a\u00f1o de la \u00fanica Unidad especializada en enfermedades cr\u00f3nicas degenerativas del Instituto Mexicano del Seguro Social en nuestro pa\u00eds. Por: Ra\u00fal Emigdio Guevara Ortiz.- Todo parec\u00eda ser\u00eda una ma\u00f1ana normal para quienes transitaban para sus trabajos, escuelas o alg\u00fan otro tipo de actividades por el Paseo Comercial Morelos la [&hellip;]<\/p>\n","protected":false},"author":1,"featured_media":3731,"comment_status":"open","ping_status":"open","sticky":false,"template":"","format":"standard","meta":{"footnotes":""},"categories":[6,3],"tags":[],"_links":{"self":[{"href":"https:\/\/diariodigitalmx.com\/index.php\/wp-json\/wp\/v2\/posts\/3729"}],"collection":[{"href":"https:\/\/diariodigitalmx.com\/index.php\/wp-json\/wp\/v2\/posts"}],"about":[{"href":"https:\/\/diariodigitalmx.com\/index.php\/wp-json\/wp\/v2\/types\/post"}],"author":[{"embeddable":true,"href":"https:\/\/diariodigitalmx.com\/index.php\/wp-json\/wp\/v2\/users\/1"}],"replies":[{"embeddable":true,"href":"https:\/\/diariodigitalmx.com\/index.php\/wp-json\/wp\/v2\/comments?post=3729"}],"version-history":[{"count":9,"href":"https:\/\/diariodigitalmx.com\/index.php\/wp-json\/wp\/v2\/posts\/3729\/revisions"}],"predecessor-version":[{"id":3744,"href":"https:\/\/diariodigitalmx.com\/index.php\/wp-json\/wp\/v2\/posts\/3729\/revisions\/3744"}],"wp:featuredmedia":[{"embeddable":true,"href":"https:\/\/diariodigitalmx.com\/index.php\/wp-json\/wp\/v2\/media\/3731"}],"wp:attachment":[{"href":"https:\/\/diariodigitalmx.com\/index.php\/wp-json\/wp\/v2\/media?parent=3729"}],"wp:term":[{"taxonomy":"category","embeddable":true,"href":"https:\/\/diariodigitalmx.com\/index.php\/wp-json\/wp\/v2\/categories?post=3729"},{"taxonomy":"post_tag","embeddable":true,"href":"https:\/\/diariodigitalmx.com\/index.php\/wp-json\/wp\/v2\/tags?post=3729"}],"curies":[{"name":"wp","href":"https:\/\/api.w.org\/{rel}","templated":true}]}}