{"id":3752,"date":"2019-05-09T21:33:25","date_gmt":"2019-05-10T02:33:25","guid":{"rendered":"http:\/\/diariodigitalmx.com\/?p=3752"},"modified":"2019-05-09T21:34:38","modified_gmt":"2019-05-10T02:34:38","slug":"por-cierto-39","status":"publish","type":"post","link":"https:\/\/diariodigitalmx.com\/index.php\/2019\/05\/09\/por-cierto-39\/","title":{"rendered":"Por Cierto&#8230;"},"content":{"rendered":"\n<p> \u00d3scar Tamez Rodr\u00edguez<\/p>\n\n\n\n<p>La crisis del transporte p\u00fablico en NL no ha llegado al final de la novela. Ayer conocimos que el poder judicial en la persona del Juez segundo en materia administrativa; otorg\u00f3 una suspensi\u00f3n provisional para dos ciudadanos quienes pidieron el no aumento a las tarifas y la prohibici\u00f3n a la suspensi\u00f3n al servicio. Vaya, en estricto apego a la ley, no se pueden aumentar las tarifas ni suspender los servicios de transporte p\u00fablico. Como los permisos para las rutas de camiones son concesiones p\u00fablicas y no un servicio privado, entonces aplica la suspensi\u00f3n. Ahora veremos si termina en la c\u00e1rcel Jorge Longoria por el supuesto paro programado para hoy en la tarde-noche por parte de los concesionarios. \u00a1Veremos!&#8230; Nos vemos en la sede de Ruta 5 para el arranque del diplomado sobre Federalismo y Sistema Pol\u00edtico Mexicano. \u00a1Si te interesa rep\u00f3rtate!<br><a rel=\"noreferrer noopener\" href=\"http:\/\/www.estudiospoliticos.mx\/\" target=\"_blank\">www.estudiospoliticos.mx<\/a>@EstudiosMx<a rel=\"noreferrer noopener\" href=\"http:\/\/www.facebook.com\/EstudiosPoliticos.mx\" target=\"_blank\">www.facebook.com\/EstudiosPoliticos.mx<\/a><\/p>\n","protected":false},"excerpt":{"rendered":"<p>\u00d3scar Tamez Rodr\u00edguez La crisis del transporte p\u00fablico en NL no ha llegado al final de la novela. Ayer conocimos que el poder judicial en la persona del Juez segundo en materia administrativa; otorg\u00f3 una suspensi\u00f3n provisional para dos ciudadanos quienes pidieron el no aumento a las tarifas y la prohibici\u00f3n a la suspensi\u00f3n al [&hellip;]<\/p>\n","protected":false},"author":1,"featured_media":3619,"comment_status":"open","ping_status":"open","sticky":false,"template":"","format":"standard","meta":{"footnotes":""},"categories":[12,3],"tags":[],"_links":{"self":[{"href":"https:\/\/diariodigitalmx.com\/index.php\/wp-json\/wp\/v2\/posts\/3752"}],"collection":[{"href":"https:\/\/diariodigitalmx.com\/index.php\/wp-json\/wp\/v2\/posts"}],"about":[{"href":"https:\/\/diariodigitalmx.com\/index.php\/wp-json\/wp\/v2\/types\/post"}],"author":[{"embeddable":true,"href":"https:\/\/diariodigitalmx.com\/index.php\/wp-json\/wp\/v2\/users\/1"}],"replies":[{"embeddable":true,"href":"https:\/\/diariodigitalmx.com\/index.php\/wp-json\/wp\/v2\/comments?post=3752"}],"version-history":[{"count":2,"href":"https:\/\/diariodigitalmx.com\/index.php\/wp-json\/wp\/v2\/posts\/3752\/revisions"}],"predecessor-version":[{"id":3754,"href":"https:\/\/diariodigitalmx.com\/index.php\/wp-json\/wp\/v2\/posts\/3752\/revisions\/3754"}],"wp:featuredmedia":[{"embeddable":true,"href":"https:\/\/diariodigitalmx.com\/index.php\/wp-json\/wp\/v2\/media\/3619"}],"wp:attachment":[{"href":"https:\/\/diariodigitalmx.com\/index.php\/wp-json\/wp\/v2\/media?parent=3752"}],"wp:term":[{"taxonomy":"category","embeddable":true,"href":"https:\/\/diariodigitalmx.com\/index.php\/wp-json\/wp\/v2\/categories?post=3752"},{"taxonomy":"post_tag","embeddable":true,"href":"https:\/\/diariodigitalmx.com\/index.php\/wp-json\/wp\/v2\/tags?post=3752"}],"curies":[{"name":"wp","href":"https:\/\/api.w.org\/{rel}","templated":true}]}}