{"id":3774,"date":"2019-05-10T15:34:47","date_gmt":"2019-05-10T20:34:47","guid":{"rendered":"http:\/\/diariodigitalmx.com\/?p=3774"},"modified":"2019-06-03T12:57:50","modified_gmt":"2019-06-03T17:57:50","slug":"inicia-era-gokay-en-el-futbol-rapido-profesional","status":"publish","type":"post","link":"https:\/\/diariodigitalmx.com\/index.php\/2019\/05\/10\/inicia-era-gokay-en-el-futbol-rapido-profesional\/","title":{"rendered":"Inicia era &#8220;Gokay&#8221;, en el f\u00fatbol r\u00e1pido profesional"},"content":{"rendered":"\n<p><br><\/p>\n\n\n\n<ul class=\"wp-block-gallery columns-1 is-cropped wp-block-gallery-1 is-layout-flex wp-block-gallery-is-layout-flex\"><li class=\"blocks-gallery-item\"><figure><img loading=\"lazy\" decoding=\"async\" width=\"1024\" height=\"683\" src=\"http:\/\/diariodigitalmx.com\/wp-content\/uploads\/2019\/05\/IMG_7498-1024x683.jpg\" alt=\"\" data-id=\"3781\" data-link=\"http:\/\/diariodigitalmx.com\/?attachment_id=3781\" class=\"wp-image-3781\" srcset=\"https:\/\/diariodigitalmx.com\/wp-content\/uploads\/2019\/05\/IMG_7498-1024x683.jpg 1024w, https:\/\/diariodigitalmx.com\/wp-content\/uploads\/2019\/05\/IMG_7498-300x200.jpg 300w, https:\/\/diariodigitalmx.com\/wp-content\/uploads\/2019\/05\/IMG_7498-768x512.jpg 768w\" sizes=\"(max-width: 1024px) 100vw, 1024px\" \/><\/figure><\/li><\/ul>\n\n\n\n<p><strong>Realiza su \u00faltimo filtro rumbo al inicio de la temporada 2019 de la Liga Mexicana de F\u00fatbol R\u00e1pido Profesional que arrancar\u00e1 este s\u00e1bado 25 de mayo enfrentando a la escuadra de Rancho Seco de Saltillo.<\/strong><br><\/p>\n\n\n\n<p>Por: Ra\u00fal Emigdio Guevara Ortiz.- La era del 3er. equipo regio en la Liga Mexicana de F\u00fatbol R\u00e1pido Profesional ha comenzado, el Gokay equipo de gran tradici\u00f3n y alto nivel competitivo en las ligas amateurs de Nuevo Le\u00f3n &nbsp;ser\u00e1 quien represente sus colores a partir del pr\u00f3ximo 25 de mayo dentro de la temporada 2019.<br><\/p>\n\n\n\n<p>Precedido la historia del Monterrey Flash, campe\u00f3n 2010-2011, JM-Casa Bella, subcampe\u00f3n 2018, \u201clos felinos\u201d del Gokay &nbsp;bajo la direcci\u00f3n t\u00e9cnica &nbsp;del amaz\u00f3nico Lourenco Andrade continuar\u00e1 con la triunfal trayectoria que caracteriz\u00f3 a sus antecesores, quienes escribieron &nbsp;brillantes p\u00e1ginas dentro del deporte estatal.<br><\/p>\n\n\n\n<p>Teniendo como &nbsp;sede las instalaciones de la Liga Casa Bella en el municipio de San Nicol\u00e1s, los \u201cfelinos\u201d dieron sus primeros pasos la noche del pasado 9 de mayo, con un \u201ctry out selectivo\u201d donde jugadores previamente observados por Andrade y su asistente t\u00e9cnico Armando \u201cEl General\u201d Ter\u00e1n en los distintos clubes de f\u00fatbol r\u00e1pido los reunieron para un segundo filtro donde acudieron un total de 15 prospectos, de d\u00f3nde surgir\u00e1n a aquellos que acompa\u00f1ar\u00e1n al resto de la plantilla final que en este momento se encuentra en proceso de contrataci\u00f3n por parte de la directiva encabezada por el Dr. Antonio Alem\u00e1n.<br><\/p>\n\n\n\n<p>Jugadores como Juan Sandate, \u00c1ngel \u201cBambi\u201d Hern\u00e1ndez, forman parte de la estructura que poco a poco est\u00e1 &nbsp;estructurando la directiva &nbsp;para contar con un plantel competitivo que lo lleve al campeonato.<br><\/p>\n\n\n\n<p>Ser\u00e1 este s\u00e1bado 25 de mayo cuando en punto de las 16:00 horas sobre el sint\u00e9tico de la Liga Casa Bella, cuando el equipo en pleno se muestre frente a su afici\u00f3n y d\u00e9 comienzo su lucha por el t\u00edtulo de la Zona Norte enfrentando al equipo de &nbsp;Rancho Seco de Saltillo, Coahuila.<br>La edici\u00f3n 2019 de la Liga Mexicana de F\u00fatbol R\u00e1pido estar\u00e1 integrada por un total de 12 equipos divididos en las zonas: Norte, Noreste y Noroeste.<\/p>\n\n\n\n<ul class=\"wp-block-gallery columns-1 is-cropped wp-block-gallery-2 is-layout-flex wp-block-gallery-is-layout-flex\"><li class=\"blocks-gallery-item\"><figure><img loading=\"lazy\" decoding=\"async\" width=\"1024\" height=\"683\" src=\"http:\/\/diariodigitalmx.com\/wp-content\/uploads\/2019\/05\/IMG_7511-1024x683.jpg\" alt=\"\" data-id=\"3777\" data-link=\"http:\/\/diariodigitalmx.com\/?attachment_id=3777\" class=\"wp-image-3777\" srcset=\"https:\/\/diariodigitalmx.com\/wp-content\/uploads\/2019\/05\/IMG_7511-1024x683.jpg 1024w, https:\/\/diariodigitalmx.com\/wp-content\/uploads\/2019\/05\/IMG_7511-300x200.jpg 300w, https:\/\/diariodigitalmx.com\/wp-content\/uploads\/2019\/05\/IMG_7511-768x512.jpg 768w\" sizes=\"(max-width: 1024px) 100vw, 1024px\" \/><\/figure><\/li><\/ul>\n\n\n\n<ul class=\"wp-block-gallery columns-1 is-cropped wp-block-gallery-3 is-layout-flex wp-block-gallery-is-layout-flex\"><li class=\"blocks-gallery-item\"><figure><img loading=\"lazy\" decoding=\"async\" width=\"1024\" height=\"683\" src=\"http:\/\/diariodigitalmx.com\/wp-content\/uploads\/2019\/05\/IMG_7509-1024x683.jpg\" alt=\"\" data-id=\"3779\" data-link=\"http:\/\/diariodigitalmx.com\/?attachment_id=3779\" class=\"wp-image-3779\" srcset=\"https:\/\/diariodigitalmx.com\/wp-content\/uploads\/2019\/05\/IMG_7509-1024x683.jpg 1024w, https:\/\/diariodigitalmx.com\/wp-content\/uploads\/2019\/05\/IMG_7509-300x200.jpg 300w, https:\/\/diariodigitalmx.com\/wp-content\/uploads\/2019\/05\/IMG_7509-768x512.jpg 768w\" sizes=\"(max-width: 1024px) 100vw, 1024px\" \/><\/figure><\/li><\/ul>\n","protected":false},"excerpt":{"rendered":"<p>Realiza su \u00faltimo filtro rumbo al inicio de la temporada 2019 de la Liga Mexicana de F\u00fatbol R\u00e1pido Profesional que arrancar\u00e1 este s\u00e1bado 25 de mayo enfrentando a la escuadra de Rancho Seco de Saltillo. Por: Ra\u00fal Emigdio Guevara Ortiz.- La era del 3er. equipo regio en la Liga Mexicana de F\u00fatbol R\u00e1pido Profesional ha [&hellip;]<\/p>\n","protected":false},"author":1,"featured_media":3776,"comment_status":"open","ping_status":"open","sticky":true,"template":"","format":"standard","meta":{"footnotes":""},"categories":[8,3],"tags":[],"_links":{"self":[{"href":"https:\/\/diariodigitalmx.com\/index.php\/wp-json\/wp\/v2\/posts\/3774"}],"collection":[{"href":"https:\/\/diariodigitalmx.com\/index.php\/wp-json\/wp\/v2\/posts"}],"about":[{"href":"https:\/\/diariodigitalmx.com\/index.php\/wp-json\/wp\/v2\/types\/post"}],"author":[{"embeddable":true,"href":"https:\/\/diariodigitalmx.com\/index.php\/wp-json\/wp\/v2\/users\/1"}],"replies":[{"embeddable":true,"href":"https:\/\/diariodigitalmx.com\/index.php\/wp-json\/wp\/v2\/comments?post=3774"}],"version-history":[{"count":4,"href":"https:\/\/diariodigitalmx.com\/index.php\/wp-json\/wp\/v2\/posts\/3774\/revisions"}],"predecessor-version":[{"id":3782,"href":"https:\/\/diariodigitalmx.com\/index.php\/wp-json\/wp\/v2\/posts\/3774\/revisions\/3782"}],"wp:featuredmedia":[{"embeddable":true,"href":"https:\/\/diariodigitalmx.com\/index.php\/wp-json\/wp\/v2\/media\/3776"}],"wp:attachment":[{"href":"https:\/\/diariodigitalmx.com\/index.php\/wp-json\/wp\/v2\/media?parent=3774"}],"wp:term":[{"taxonomy":"category","embeddable":true,"href":"https:\/\/diariodigitalmx.com\/index.php\/wp-json\/wp\/v2\/categories?post=3774"},{"taxonomy":"post_tag","embeddable":true,"href":"https:\/\/diariodigitalmx.com\/index.php\/wp-json\/wp\/v2\/tags?post=3774"}],"curies":[{"name":"wp","href":"https:\/\/api.w.org\/{rel}","templated":true}]}}