{"id":3786,"date":"2019-05-11T13:13:21","date_gmt":"2019-05-11T18:13:21","guid":{"rendered":"http:\/\/diariodigitalmx.com\/?p=3786"},"modified":"2019-05-11T13:13:22","modified_gmt":"2019-05-11T18:13:22","slug":"salvador-cabanas-sera-nuevo-directivo-de-los-cafetaleros","status":"publish","type":"post","link":"https:\/\/diariodigitalmx.com\/index.php\/2019\/05\/11\/salvador-cabanas-sera-nuevo-directivo-de-los-cafetaleros\/","title":{"rendered":"Salvador Caba\u00f1as ser\u00e1 nuevo directivo de los Cafetaleros"},"content":{"rendered":"\n<h3 class=\"wp-block-heading\">El exjugador paraguayo regresar\u00e1 al futbol mexicano<\/h3>\n\n\n\n<p>Tuxtla Guti\u00e9rrez, Chiapas.- El club de los Cafetaleros de Tapachula ha confirmado a Salvador Caba\u00f1as como nuevo directivo para el torneo de Apertura de la Liga de Ascenso, por lo que el paraguayo regresar\u00e1 nuevamente a Tuxtla Guti\u00e9rrez, donde vivi\u00f3 grandes momentos con el extinto Jaguares de Chiapas.<\/p>\n\n\n\n<p>Aunque todav\u00eda no se ha hecho el anuncio oficial por parte de la gente del cafetal, fuentes cercanas a la directiva informaron a este diario que el exfutbolista se incorporar\u00e1 en los pr\u00f3ximos d\u00edas al club, por lo que se espera muy pronto arribe a la capital chiapaneca.<\/p>\n\n\n\n<p>Hasta el momento se desconoce cu\u00e1l ser\u00eda su cargo dentro de la instituci\u00f3n, pero de acuerdo a medios nacionales se\u00f1alan que el \u201cMariscal\u201d ser\u00eda nombrado como gerente deportivo, cargo que desempe\u00f1ar\u00eda por primera vez.<\/p>\n\n\n\n<p>Los directivos de los Cafetaleros no han confirmado la incorporaci\u00f3n de Caba\u00f1as como directivo debido que est\u00e1n a la espera que la gente de la Federaci\u00f3n Mexicana de Futbol le autorice el cambio de sede de Tapachula a Tuxtla Guti\u00e9rrez; su nueva casa ser\u00eda el estadio V\u00edctor Manuel Reyna, donde el paraguayo vivi\u00f3 grandes momentos con el equipo felino.<\/p>\n\n\n\n<p>En entrevista, el exdelantero de las \u00c1guilas del Am\u00e9rica dijo estar ilusionado por regresar a Chiapas, estado que le guarda un gran cari\u00f1o, y desde ahora se comprometi\u00f3 en apoyar a los jugadores de los Cafetaleros para que estos tengan un mejor rendimiento.<\/p>\n\n\n\n<p>Por \u00faltimo, indic\u00f3 que har\u00e1 todo lo posible para que el equipo sea protagonista en el torneo de Apertura de la Liga de Ascenso, uno de los objetivos a mediano plazo es que el club ascienda a la Primera Divisi\u00f3n del futbol mexicano.<\/p>\n\n\n\n<p><br><\/p>\n","protected":false},"excerpt":{"rendered":"<p>El exjugador paraguayo regresar\u00e1 al futbol mexicano Tuxtla Guti\u00e9rrez, Chiapas.- El club de los Cafetaleros de Tapachula ha confirmado a Salvador Caba\u00f1as como nuevo directivo para el torneo de Apertura de la Liga de Ascenso, por lo que el paraguayo regresar\u00e1 nuevamente a Tuxtla Guti\u00e9rrez, donde vivi\u00f3 grandes momentos con el extinto Jaguares de Chiapas. [&hellip;]<\/p>\n","protected":false},"author":1,"featured_media":3787,"comment_status":"open","ping_status":"open","sticky":true,"template":"","format":"standard","meta":{"footnotes":""},"categories":[8],"tags":[],"_links":{"self":[{"href":"https:\/\/diariodigitalmx.com\/index.php\/wp-json\/wp\/v2\/posts\/3786"}],"collection":[{"href":"https:\/\/diariodigitalmx.com\/index.php\/wp-json\/wp\/v2\/posts"}],"about":[{"href":"https:\/\/diariodigitalmx.com\/index.php\/wp-json\/wp\/v2\/types\/post"}],"author":[{"embeddable":true,"href":"https:\/\/diariodigitalmx.com\/index.php\/wp-json\/wp\/v2\/users\/1"}],"replies":[{"embeddable":true,"href":"https:\/\/diariodigitalmx.com\/index.php\/wp-json\/wp\/v2\/comments?post=3786"}],"version-history":[{"count":1,"href":"https:\/\/diariodigitalmx.com\/index.php\/wp-json\/wp\/v2\/posts\/3786\/revisions"}],"predecessor-version":[{"id":3788,"href":"https:\/\/diariodigitalmx.com\/index.php\/wp-json\/wp\/v2\/posts\/3786\/revisions\/3788"}],"wp:featuredmedia":[{"embeddable":true,"href":"https:\/\/diariodigitalmx.com\/index.php\/wp-json\/wp\/v2\/media\/3787"}],"wp:attachment":[{"href":"https:\/\/diariodigitalmx.com\/index.php\/wp-json\/wp\/v2\/media?parent=3786"}],"wp:term":[{"taxonomy":"category","embeddable":true,"href":"https:\/\/diariodigitalmx.com\/index.php\/wp-json\/wp\/v2\/categories?post=3786"},{"taxonomy":"post_tag","embeddable":true,"href":"https:\/\/diariodigitalmx.com\/index.php\/wp-json\/wp\/v2\/tags?post=3786"}],"curies":[{"name":"wp","href":"https:\/\/api.w.org\/{rel}","templated":true}]}}