{"id":3800,"date":"2019-05-11T15:16:35","date_gmt":"2019-05-11T20:16:35","guid":{"rendered":"http:\/\/diariodigitalmx.com\/?p=3800"},"modified":"2019-05-11T15:16:36","modified_gmt":"2019-05-11T20:16:36","slug":"el-tribunal-agrario-y-su-vacio-de-poder","status":"publish","type":"post","link":"https:\/\/diariodigitalmx.com\/index.php\/2019\/05\/11\/el-tribunal-agrario-y-su-vacio-de-poder\/","title":{"rendered":"El Tribunal Agrario y su vac\u00edo de poder"},"content":{"rendered":"\n<p>Por el Justiciero Agrario<br><\/p>\n\n\n\n<p>Se maneja en el Senado la nueva conformaci\u00f3n del Tribunal Superior Agrario, en virtud de que dos de sus actuales Magistrados integrantes: Luis \u00c1ngel L\u00f3pez Escutia y Carmen Laura L\u00f3pez Almaraz, no cumplen con los perfiles de f\u00edsicos y de origen respectivamente.<br><\/p>\n\n\n\n<p>Actualmente L\u00f3pez Escutia, \u201cLALE\u201d para sus amigos, padece de serias secuelas de una apoplej\u00eda que lo llevan a ser asistido por 4 enfermeras a lo largo del d\u00eda, tanto en su trabajo como en su domicilio, y todo ello a cargo del presupuesto del Tribunal Agrario.<br> Por otra parte, la Magistrada Carmen Laura L\u00f3pez Almaraz, tiene su origen y tutor\u00eda en la \u00e9poca de Vicente Fox y cuenta con \u201cel padrinazgo\u201d de \u201cEl Jefe\u201d Diego Fern\u00e1ndez de Ceballos, quien es ac\u00e9rrimo adversario del actual Presidente y todo lo que \u00e9l representa. <\/p>\n\n\n\n<p>A ra\u00edz de este rumor que cada d\u00eda cobra m\u00e1s fuerza, se ha venido dando una ruptura y un vac\u00edo de poder en los Tribunales Agrarios.<\/p>\n\n\n\n<ul class=\"wp-block-gallery columns-0 is-cropped wp-block-gallery-1 is-layout-flex wp-block-gallery-is-layout-flex\"><\/ul>\n\n\n\n<ul class=\"wp-block-gallery columns-1 is-cropped wp-block-gallery-2 is-layout-flex wp-block-gallery-is-layout-flex\"><li class=\"blocks-gallery-item\"><figure><img loading=\"lazy\" decoding=\"async\" width=\"245\" height=\"222\" src=\"http:\/\/diariodigitalmx.com\/wp-content\/uploads\/2019\/05\/tribunal-551-04-b33a82.jpg\" alt=\"\" data-id=\"3804\" data-link=\"http:\/\/diariodigitalmx.com\/?attachment_id=3804\" class=\"wp-image-3804\"\/><\/figure><\/li><\/ul>\n","protected":false},"excerpt":{"rendered":"<p>Por el Justiciero Agrario Se maneja en el Senado la nueva conformaci\u00f3n del Tribunal Superior Agrario, en virtud de que dos de sus actuales Magistrados integrantes: Luis \u00c1ngel L\u00f3pez Escutia y Carmen Laura L\u00f3pez Almaraz, no cumplen con los perfiles de f\u00edsicos y de origen respectivamente. Actualmente L\u00f3pez Escutia, \u201cLALE\u201d para sus amigos, padece de [&hellip;]<\/p>\n","protected":false},"author":1,"featured_media":3803,"comment_status":"open","ping_status":"open","sticky":false,"template":"","format":"standard","meta":{"footnotes":""},"categories":[12,3],"tags":[],"_links":{"self":[{"href":"https:\/\/diariodigitalmx.com\/index.php\/wp-json\/wp\/v2\/posts\/3800"}],"collection":[{"href":"https:\/\/diariodigitalmx.com\/index.php\/wp-json\/wp\/v2\/posts"}],"about":[{"href":"https:\/\/diariodigitalmx.com\/index.php\/wp-json\/wp\/v2\/types\/post"}],"author":[{"embeddable":true,"href":"https:\/\/diariodigitalmx.com\/index.php\/wp-json\/wp\/v2\/users\/1"}],"replies":[{"embeddable":true,"href":"https:\/\/diariodigitalmx.com\/index.php\/wp-json\/wp\/v2\/comments?post=3800"}],"version-history":[{"count":3,"href":"https:\/\/diariodigitalmx.com\/index.php\/wp-json\/wp\/v2\/posts\/3800\/revisions"}],"predecessor-version":[{"id":3805,"href":"https:\/\/diariodigitalmx.com\/index.php\/wp-json\/wp\/v2\/posts\/3800\/revisions\/3805"}],"wp:featuredmedia":[{"embeddable":true,"href":"https:\/\/diariodigitalmx.com\/index.php\/wp-json\/wp\/v2\/media\/3803"}],"wp:attachment":[{"href":"https:\/\/diariodigitalmx.com\/index.php\/wp-json\/wp\/v2\/media?parent=3800"}],"wp:term":[{"taxonomy":"category","embeddable":true,"href":"https:\/\/diariodigitalmx.com\/index.php\/wp-json\/wp\/v2\/categories?post=3800"},{"taxonomy":"post_tag","embeddable":true,"href":"https:\/\/diariodigitalmx.com\/index.php\/wp-json\/wp\/v2\/tags?post=3800"}],"curies":[{"name":"wp","href":"https:\/\/api.w.org\/{rel}","templated":true}]}}