{"id":3871,"date":"2019-05-13T17:06:42","date_gmt":"2019-05-13T22:06:42","guid":{"rendered":"http:\/\/diariodigitalmx.com\/?p=3871"},"modified":"2019-05-13T17:07:49","modified_gmt":"2019-05-13T22:07:49","slug":"amlo-analiza-su-participacion-en-cumbre-del-g20-en-japon","status":"publish","type":"post","link":"https:\/\/diariodigitalmx.com\/index.php\/2019\/05\/13\/amlo-analiza-su-participacion-en-cumbre-del-g20-en-japon\/","title":{"rendered":"AMLO analiza su participaci\u00f3n en cumbre del G20, en Jap\u00f3n"},"content":{"rendered":"\n<p>El presidente Andr\u00e9s Manuel L\u00f3pez Obrador inform\u00f3 que analiza su participaci\u00f3n en la cumbre del G-20 durante en Jap\u00f3n a finales de junio.<\/p>\n\n\n\n<p>\u201cLo estoy analizando, lo estoy viendo porque estoy ocupado de tiempo completo en atender los asuntos nacionales\u201d, dijo en rueda de prensa.<\/p>\n\n\n\n<p>Coment\u00f3 que ante la actual situaci\u00f3n que enfrenta el pa\u00eds, lo m\u00e1s importante es mejorar la econom\u00eda, el bienestar en M\u00e9xico, garantizar la paz y la tranquilidad\u201d.<\/p>\n\n\n\n<p>Consider\u00f3 que \u201csi no en todo tiempo, la mejor pol\u00edtica exterior es la interior. No quiero ser candil de la calle y oscuridad de la casa\u201d, extern\u00f3.<\/p>\n\n\n\n<p>En el Sal\u00f3n Tesorer\u00eda de Palacio Nacional expuso que a pesar de que el G-20 es una reuni\u00f3n importante, \u201clo estoy analizando\u201d.<\/p>\n\n\n\n<p>Record\u00f3 que su gobierno trabaja en equipo, \u201caqu\u00ed nos dividimos el trabajo es un equipo y yo me siento muy bien representado por Marcelo Ebrard, secretario de Relaciones Exteriores. Entonces, vamos a valorarlo y vamos a decidir en su momento\u201d.<\/p>\n\n\n\n<p>El G-20 es el principal foro internacional para la cooperaci\u00f3n econ\u00f3mica, financiera y pol\u00edtica, cuyos miembros abordan los grandes desaf\u00edos globales, en aras de generar pol\u00edticas p\u00fablicas que los resuelvan.<\/p>\n\n\n\n<p>Lo integran las principales econom\u00edas del mundo, la Uni\u00f3n Europea y 19 pa\u00edses: Alemania, Arabia Saudita, Argentina, Australia, Brasil, Canad\u00e1, China, Corea del Sur, Estados Unidos, Francia, India, Indonesia, Italia, Jap\u00f3n, M\u00e9xico, Reino Unido, Rusia, Sud\u00e1frica y Turqu\u00eda.<\/p>\n","protected":false},"excerpt":{"rendered":"<p>El presidente Andr\u00e9s Manuel L\u00f3pez Obrador inform\u00f3 que analiza su participaci\u00f3n en la cumbre del G-20 durante en Jap\u00f3n a finales de junio. \u201cLo estoy analizando, lo estoy viendo porque estoy ocupado de tiempo completo en atender los asuntos nacionales\u201d, dijo en rueda de prensa. Coment\u00f3 que ante la actual situaci\u00f3n que enfrenta el pa\u00eds, [&hellip;]<\/p>\n","protected":false},"author":1,"featured_media":3874,"comment_status":"open","ping_status":"open","sticky":false,"template":"","format":"standard","meta":{"footnotes":""},"categories":[2,3],"tags":[],"_links":{"self":[{"href":"https:\/\/diariodigitalmx.com\/index.php\/wp-json\/wp\/v2\/posts\/3871"}],"collection":[{"href":"https:\/\/diariodigitalmx.com\/index.php\/wp-json\/wp\/v2\/posts"}],"about":[{"href":"https:\/\/diariodigitalmx.com\/index.php\/wp-json\/wp\/v2\/types\/post"}],"author":[{"embeddable":true,"href":"https:\/\/diariodigitalmx.com\/index.php\/wp-json\/wp\/v2\/users\/1"}],"replies":[{"embeddable":true,"href":"https:\/\/diariodigitalmx.com\/index.php\/wp-json\/wp\/v2\/comments?post=3871"}],"version-history":[{"count":2,"href":"https:\/\/diariodigitalmx.com\/index.php\/wp-json\/wp\/v2\/posts\/3871\/revisions"}],"predecessor-version":[{"id":3873,"href":"https:\/\/diariodigitalmx.com\/index.php\/wp-json\/wp\/v2\/posts\/3871\/revisions\/3873"}],"wp:featuredmedia":[{"embeddable":true,"href":"https:\/\/diariodigitalmx.com\/index.php\/wp-json\/wp\/v2\/media\/3874"}],"wp:attachment":[{"href":"https:\/\/diariodigitalmx.com\/index.php\/wp-json\/wp\/v2\/media?parent=3871"}],"wp:term":[{"taxonomy":"category","embeddable":true,"href":"https:\/\/diariodigitalmx.com\/index.php\/wp-json\/wp\/v2\/categories?post=3871"},{"taxonomy":"post_tag","embeddable":true,"href":"https:\/\/diariodigitalmx.com\/index.php\/wp-json\/wp\/v2\/tags?post=3871"}],"curies":[{"name":"wp","href":"https:\/\/api.w.org\/{rel}","templated":true}]}}