{"id":3896,"date":"2019-05-13T17:31:36","date_gmt":"2019-05-13T22:31:36","guid":{"rendered":"http:\/\/diariodigitalmx.com\/?p=3896"},"modified":"2019-05-13T17:31:38","modified_gmt":"2019-05-13T22:31:38","slug":"movilidad-o-transporte-publico-un-derecho-humano","status":"publish","type":"post","link":"https:\/\/diariodigitalmx.com\/index.php\/2019\/05\/13\/movilidad-o-transporte-publico-un-derecho-humano\/","title":{"rendered":"\u201c Movilidad o transporte p\u00fablico, un derecho humano\u201d"},"content":{"rendered":"\n<p>Waldo Fern\u00e1ndez<\/p>\n\n\n\n<p>Las grandes ciudades en el mundo aplican m\u00e9todos para que los ciudadanos tengan mejores servicios, una parte fundamental se distingue por la movilidad, en espec\u00edfico, el transporte p\u00fablico, que hace que cualquier metr\u00f3poli logre sus actividades de manera adecuada. <br><\/p>\n\n\n\n<p>Estamos seguros que nuestro estado, est\u00e1 a la altura; sin embargo, para este tema estamos sujetos a un grupo de permisionarios, que lo \u00fanico que buscan es un beneficio propio, por lo que si no est\u00e1n de acuerdo con la tarifas, hacen paro de unidades, es decir, el t\u00edpico acto de ni\u00f1o que dice \u201cme llevo mi bal\u00f3n si no hacen lo que yo digo\u201d, impactando de manera negativa a la sociedad, es as\u00ed que este transporte necesita una reestructuraci\u00f3n, ya que no puede permitirse un transporte condicionado y que afecte a centenares de ciudadanos. <br><\/p>\n\n\n\n<p>Es importante la adquisici\u00f3n del sistema de transporte urbano para poder brindar el servicio como el estado lo merece; por su parte el Gobernador present\u00f3 ante el Congreso del Estado una iniciativa para lograrlo, por lo que es momento que los diputados se pongan del lado de la gente, siendo los propios legisladores quienes por varios meses han criticado este servicio ostentando que ha faltado mano dura, pero ahora que se quiere tomar el control, se salen por la tangente, criticar es muy f\u00e1cil, \u00a1claro!, desde dentro de un carro con aire acondicionado. <br><\/p>\n\n\n\n<p>Este trabajo es conjunto si queremos aspirar a ser como las mejores ciudades, donde el \u201c<strong><em>servicio de transporte es p\u00fablico\u201d<\/em><\/strong>, pero necesitamos saber con qui\u00e9n contamos, conscientes que la movilidad es un derecho humano, por lo que estamos dispuestos a que el manejo del sistema de transporte venga de la propia sociedad civil, de un empresario con vocaci\u00f3n de servir. <br><\/p>\n\n\n\n<p>En una primera etapa, debemos adquirir el control del transporte, asimismo, que el congreso entienda las necesidades reales de la sociedad y que impacte su apoyo, por lo que es momento de que tomen las decisiones correctas, en una segunda etapa, aspirar a ser como las mejores ciudades del mundo, teniendo un transporte p\u00fablico gratuito, convencido de que puede lograrse a trav\u00e9s de m\u00e9todos de recaudaci\u00f3n que subsidien este sistema, concluyo diciendo que los asuntos de movilidad en cualquier estado siempre generar\u00e1n productividad, ya que cualquier ciudad ser\u00e1 pr\u00f3spera, teniendo<strong> <\/strong><strong><em>\u201cun estado con verdadera movilidad\u201d.<\/em><\/strong><strong> <\/strong><\/p>\n\n\n\n<p><\/p>\n","protected":false},"excerpt":{"rendered":"<p>Waldo Fern\u00e1ndez Las grandes ciudades en el mundo aplican m\u00e9todos para que los ciudadanos tengan mejores servicios, una parte fundamental se distingue por la movilidad, en espec\u00edfico, el transporte p\u00fablico, que hace que cualquier metr\u00f3poli logre sus actividades de manera adecuada. Estamos seguros que nuestro estado, est\u00e1 a la altura; sin embargo, para este tema [&hellip;]<\/p>\n","protected":false},"author":1,"featured_media":1047,"comment_status":"open","ping_status":"open","sticky":false,"template":"","format":"standard","meta":{"footnotes":""},"categories":[12],"tags":[],"_links":{"self":[{"href":"https:\/\/diariodigitalmx.com\/index.php\/wp-json\/wp\/v2\/posts\/3896"}],"collection":[{"href":"https:\/\/diariodigitalmx.com\/index.php\/wp-json\/wp\/v2\/posts"}],"about":[{"href":"https:\/\/diariodigitalmx.com\/index.php\/wp-json\/wp\/v2\/types\/post"}],"author":[{"embeddable":true,"href":"https:\/\/diariodigitalmx.com\/index.php\/wp-json\/wp\/v2\/users\/1"}],"replies":[{"embeddable":true,"href":"https:\/\/diariodigitalmx.com\/index.php\/wp-json\/wp\/v2\/comments?post=3896"}],"version-history":[{"count":2,"href":"https:\/\/diariodigitalmx.com\/index.php\/wp-json\/wp\/v2\/posts\/3896\/revisions"}],"predecessor-version":[{"id":3898,"href":"https:\/\/diariodigitalmx.com\/index.php\/wp-json\/wp\/v2\/posts\/3896\/revisions\/3898"}],"wp:featuredmedia":[{"embeddable":true,"href":"https:\/\/diariodigitalmx.com\/index.php\/wp-json\/wp\/v2\/media\/1047"}],"wp:attachment":[{"href":"https:\/\/diariodigitalmx.com\/index.php\/wp-json\/wp\/v2\/media?parent=3896"}],"wp:term":[{"taxonomy":"category","embeddable":true,"href":"https:\/\/diariodigitalmx.com\/index.php\/wp-json\/wp\/v2\/categories?post=3896"},{"taxonomy":"post_tag","embeddable":true,"href":"https:\/\/diariodigitalmx.com\/index.php\/wp-json\/wp\/v2\/tags?post=3896"}],"curies":[{"name":"wp","href":"https:\/\/api.w.org\/{rel}","templated":true}]}}