{"id":3899,"date":"2019-05-13T17:35:03","date_gmt":"2019-05-13T22:35:03","guid":{"rendered":"http:\/\/diariodigitalmx.com\/?p=3899"},"modified":"2019-05-13T17:35:05","modified_gmt":"2019-05-13T22:35:05","slug":"por-cierto-40","status":"publish","type":"post","link":"https:\/\/diariodigitalmx.com\/index.php\/2019\/05\/13\/por-cierto-40\/","title":{"rendered":"Por cierto&#8230;"},"content":{"rendered":"\n<p>\n\n\u00d3scar Tamez Rodr\u00edguez<br>El Gobierno de NL propuso comprar las rutas del transporte, los diputados dicen que no es viable, otros que no hay dinero y unos m\u00e1s que ser\u00eda la debacle del transporte y la movilidad regia. Vaya, permanentemente nos comparan con el extranjero, hay naciones que administran su transporte \u201cp\u00fablico\u201d. Es un tema de seguridad nacional, si el Estado requisa lo que un d\u00eda concesion\u00f3 pues que ahora lo administre. Por lo que refiere al dinero, pues que lo compre al mismo modo en que los gobiernos acostumbran a vender lo p\u00fablico. En pagos chicos con plazos c\u00f3modos y largos. No es un pleito entre particulares y gobernantes, es una crisis que a todos nos impacta&#8230; Ayer domingo este opinador recibi\u00f3 la medalla a la investigaci\u00f3n hist\u00f3rica, Israel Cavazos Garza del Colegio de Cronistas e Historiadores de NL. \u00a1Gracias!&#8230; Las condolencias para la familia del periodista Jos\u00e9 Landeros por la p\u00e9rdida de su se\u00f1ora madre. QEPD&nbsp;<br>Oscar Tamez Rdz.&nbsp;<a href=\"http:\/\/www.estudiospoliticos.mx\/\" target=\"_blank\" rel=\"noreferrer noopener\">www.estudiospoliticos.mx<\/a><a href=\"http:\/\/facebook.com\/EstudiosPoliticos.mx\" target=\"_blank\" rel=\"noreferrer noopener\">Facebook.com\/EstudiosPoliticos.mx<\/a>@EstudiosMx<br><\/p>\n","protected":false},"excerpt":{"rendered":"<p>\u00d3scar Tamez Rodr\u00edguezEl Gobierno de NL propuso comprar las rutas del transporte, los diputados dicen que no es viable, otros que no hay dinero y unos m\u00e1s que ser\u00eda la debacle del transporte y la movilidad regia. Vaya, permanentemente nos comparan con el extranjero, hay naciones que administran su transporte \u201cp\u00fablico\u201d. Es un tema de [&hellip;]<\/p>\n","protected":false},"author":1,"featured_media":3619,"comment_status":"open","ping_status":"open","sticky":false,"template":"","format":"standard","meta":{"footnotes":""},"categories":[12],"tags":[],"_links":{"self":[{"href":"https:\/\/diariodigitalmx.com\/index.php\/wp-json\/wp\/v2\/posts\/3899"}],"collection":[{"href":"https:\/\/diariodigitalmx.com\/index.php\/wp-json\/wp\/v2\/posts"}],"about":[{"href":"https:\/\/diariodigitalmx.com\/index.php\/wp-json\/wp\/v2\/types\/post"}],"author":[{"embeddable":true,"href":"https:\/\/diariodigitalmx.com\/index.php\/wp-json\/wp\/v2\/users\/1"}],"replies":[{"embeddable":true,"href":"https:\/\/diariodigitalmx.com\/index.php\/wp-json\/wp\/v2\/comments?post=3899"}],"version-history":[{"count":1,"href":"https:\/\/diariodigitalmx.com\/index.php\/wp-json\/wp\/v2\/posts\/3899\/revisions"}],"predecessor-version":[{"id":3900,"href":"https:\/\/diariodigitalmx.com\/index.php\/wp-json\/wp\/v2\/posts\/3899\/revisions\/3900"}],"wp:featuredmedia":[{"embeddable":true,"href":"https:\/\/diariodigitalmx.com\/index.php\/wp-json\/wp\/v2\/media\/3619"}],"wp:attachment":[{"href":"https:\/\/diariodigitalmx.com\/index.php\/wp-json\/wp\/v2\/media?parent=3899"}],"wp:term":[{"taxonomy":"category","embeddable":true,"href":"https:\/\/diariodigitalmx.com\/index.php\/wp-json\/wp\/v2\/categories?post=3899"},{"taxonomy":"post_tag","embeddable":true,"href":"https:\/\/diariodigitalmx.com\/index.php\/wp-json\/wp\/v2\/tags?post=3899"}],"curies":[{"name":"wp","href":"https:\/\/api.w.org\/{rel}","templated":true}]}}