{"id":3907,"date":"2019-05-13T19:08:37","date_gmt":"2019-05-14T00:08:37","guid":{"rendered":"http:\/\/diariodigitalmx.com\/?p=3907"},"modified":"2019-06-03T13:00:10","modified_gmt":"2019-06-03T18:00:10","slug":"policia-golpea-a-internos-de-topo-chico-acusa-derechos-humanos","status":"publish","type":"post","link":"https:\/\/diariodigitalmx.com\/index.php\/2019\/05\/13\/policia-golpea-a-internos-de-topo-chico-acusa-derechos-humanos\/","title":{"rendered":"Polic\u00eda golpea a internos de Topo Chico, acusa Derechos Humanos"},"content":{"rendered":"\n<p>Monterrey, N. L.- La Comisi\u00f3n Estatal de Derechos Humanos, en Nuevo Le\u00f3n constat\u00f3 que polic\u00edas estatales y de Fuerza Penitenciaria agredieron con tubos, macanas y armas a los internos del penal del Topo Chico que fueron enviados a otro centro penitenciario del Pa\u00eds.<\/p>\n\n\n\n<p>De acuerdo a la investigaci\u00f3n de oficio que realiz\u00f3 la CEDH, se entrevist\u00f3 a 48 internos, de los cuales algunos de ellos declararon que elementos de custodia y polic\u00edas de Fuerza Civil los agredieron f\u00edsicamente con tubos, macanas, con las culatas de las armas, cuando se encontraban en el suelo con cinchos en sus manos. Uno especific\u00f3 que fue desnudado, otro que lo dejaron en ropa interior, y uno m\u00e1s expres\u00f3 que aun y cuando \u00e9l no fue desnudado, observ\u00f3 que sus iguales si lo estaban.<\/p>\n\n\n\n<p>Las agresiones f\u00edsicas a las que hicieron referencia las personas internas, se tienen por acreditadas a trav\u00e9s de los dict\u00e1menes m\u00e9dicos que les fueron practicados por personal m\u00e9dico de esta Comisi\u00f3n, y de los cuales se desprende que presentaban equimosis, heridas contusas suturadas y excoriaciones dermoepid\u00e9rmicas. Incluso, uno de ellos present\u00f3 herida por arma de fuego en pierna izquierda.<\/p>\n\n\n\n<p>El 27 de marzo de 2019, un total de 496 personas privadas de la libertad de los centros penitenciarios Topo Chico, Apodaca, Cadereyta y del Femenil, fueron trasladadas hacia los penales federales de Ramos Arizpe, Coahuila y Morelos; de las evidencias solo se tiene que el penal Apodaca, dio vista a la autoridad judicial del traslado para que lo validara, record\u00f3 la titular de la CEDH, Sof\u00eda Velasco Becerra.<\/p>\n\n\n\n<p>Adem\u00e1s, posterior al traslado de las personas internas en el Centro Preventivo y de Reinserci\u00f3n Social Topo Chico, en su interior se registraron disturbios, en los cuales resultaron lesionadas de acuerdo a la informaci\u00f3n brindada por la autoridad 49 personas privadas de la libertad, una de ellas por proyectil de arma de fuego, as\u00ed como 23 polic\u00edas custodios.<\/p>\n\n\n\n<p>Por tal motivo, se emiti\u00f3 recomendaci\u00f3n dirigida al secretario de Seguridad P\u00fablica del Estado, por haberse acreditado que elementos de Fuerza Penitenciaria y Fuerza Civil, transgredieron los derechos de las personas privadas de la libertad en el penal Topo Chico, por la abstenci\u00f3n u omisi\u00f3n en el deber de custodia y no brindar una adecuada protecci\u00f3n a la integridad f\u00edsica y psicol\u00f3gica; as\u00ed como al derecho a la integridad personal en relaci\u00f3n al uso excesivo y desproporcionado de la fuerza, y por tratos crueles, inhumanos o degradantes.<\/p>\n\n\n\n<p>La CEDH solicita que se inicien los procedimientos de responsabilidad administrativa para determinar la responsabilidad en la que se incurri\u00f3, al despojar de las prendas de vestir y mantener desnudos en la cancha, a las personas privadas de libertad.&nbsp;<\/p>\n\n\n\n<p>Tambi\u00e9n solicita se gire la instrucci\u00f3n a los Alcaides del Centro de Reinserci\u00f3n Social Apodaca, Centro de Reinserci\u00f3n Social Cadereyta, Centro de Reinserci\u00f3n Social Femenil y del Centro Preventivo y de Reinserci\u00f3n Social Topo Chico para que, en todos los casos de traslados de una persona privada de la libertad de un centro penitenciario a otro, la orden sea emitida o validada por la autoridad judicial que conozca del proceso.<\/p>\n\n\n\n<p>Recomienda se brinde atenci\u00f3n m\u00e9dica y psicol\u00f3gica, previo consentimiento, a las personas privadas de la libertad y a los elementos de custodia que resultaron lesionadas en los hechos del 27 de marzo de 2019, en el penal Topo Chico, que se se\u00f1alaron en el punto 3 de esta recomendaci\u00f3n y se dote del equipo tecnol\u00f3gico necesario para realizar revisiones efectivas a quienes ingresen al centro penitenciario, a fin de evitar que se introduzcan armas de fuego, objetos y\/o sustancias prohibidas.&nbsp;<\/p>\n\n\n\n<p>\u201cQue se implementen los protocolos necesarios, para que, en lo subsecuente, en las revisiones a las personas privadas de la libertad se atienda a los principios necesidad, razonabilidad y proporcionalidad, y se realicen en condiciones dignas, respetando la intimidad e integridad de las personas revisadas. Se elabore un protocolo encaminado a brindar de forma veraz y oportuna informaci\u00f3n tanto a familiares, como a personal de la Comisi\u00f3n Estatal de Derechos Humanos, sobre los hechos que est\u00e9n aconteciendo ante cualquier eventualidad, al interior del penal Topo Chico\u201d, son otras de las recomendaciones.&nbsp;<\/p>\n\n\n\n<figure class=\"wp-block-image\"><img loading=\"lazy\" decoding=\"async\" width=\"768\" height=\"479\" src=\"http:\/\/diariodigitalmx.com\/wp-content\/uploads\/2019\/05\/Reos.jpg\" alt=\"\" class=\"wp-image-3911\" srcset=\"https:\/\/diariodigitalmx.com\/wp-content\/uploads\/2019\/05\/Reos.jpg 768w, https:\/\/diariodigitalmx.com\/wp-content\/uploads\/2019\/05\/Reos-300x187.jpg 300w\" sizes=\"(max-width: 768px) 100vw, 768px\" \/><\/figure>\n\n\n\n<figure class=\"wp-block-image\"><img loading=\"lazy\" decoding=\"async\" width=\"1024\" height=\"683\" src=\"http:\/\/diariodigitalmx.com\/wp-content\/uploads\/2019\/05\/IMG_6293-1024x683.jpg\" alt=\"\" class=\"wp-image-3913\" srcset=\"https:\/\/diariodigitalmx.com\/wp-content\/uploads\/2019\/05\/IMG_6293-1024x683.jpg 1024w, https:\/\/diariodigitalmx.com\/wp-content\/uploads\/2019\/05\/IMG_6293-300x200.jpg 300w, https:\/\/diariodigitalmx.com\/wp-content\/uploads\/2019\/05\/IMG_6293-768x512.jpg 768w\" sizes=\"(max-width: 1024px) 100vw, 1024px\" \/><\/figure>\n","protected":false},"excerpt":{"rendered":"<p>Monterrey, N. L.- La Comisi\u00f3n Estatal de Derechos Humanos, en Nuevo Le\u00f3n constat\u00f3 que polic\u00edas estatales y de Fuerza Penitenciaria agredieron con tubos, macanas y armas a los internos del penal del Topo Chico que fueron enviados a otro centro penitenciario del Pa\u00eds. De acuerdo a la investigaci\u00f3n de oficio que realiz\u00f3 la CEDH, se [&hellip;]<\/p>\n","protected":false},"author":1,"featured_media":3910,"comment_status":"open","ping_status":"open","sticky":true,"template":"","format":"standard","meta":{"footnotes":""},"categories":[6],"tags":[],"_links":{"self":[{"href":"https:\/\/diariodigitalmx.com\/index.php\/wp-json\/wp\/v2\/posts\/3907"}],"collection":[{"href":"https:\/\/diariodigitalmx.com\/index.php\/wp-json\/wp\/v2\/posts"}],"about":[{"href":"https:\/\/diariodigitalmx.com\/index.php\/wp-json\/wp\/v2\/types\/post"}],"author":[{"embeddable":true,"href":"https:\/\/diariodigitalmx.com\/index.php\/wp-json\/wp\/v2\/users\/1"}],"replies":[{"embeddable":true,"href":"https:\/\/diariodigitalmx.com\/index.php\/wp-json\/wp\/v2\/comments?post=3907"}],"version-history":[{"count":4,"href":"https:\/\/diariodigitalmx.com\/index.php\/wp-json\/wp\/v2\/posts\/3907\/revisions"}],"predecessor-version":[{"id":3914,"href":"https:\/\/diariodigitalmx.com\/index.php\/wp-json\/wp\/v2\/posts\/3907\/revisions\/3914"}],"wp:featuredmedia":[{"embeddable":true,"href":"https:\/\/diariodigitalmx.com\/index.php\/wp-json\/wp\/v2\/media\/3910"}],"wp:attachment":[{"href":"https:\/\/diariodigitalmx.com\/index.php\/wp-json\/wp\/v2\/media?parent=3907"}],"wp:term":[{"taxonomy":"category","embeddable":true,"href":"https:\/\/diariodigitalmx.com\/index.php\/wp-json\/wp\/v2\/categories?post=3907"},{"taxonomy":"post_tag","embeddable":true,"href":"https:\/\/diariodigitalmx.com\/index.php\/wp-json\/wp\/v2\/tags?post=3907"}],"curies":[{"name":"wp","href":"https:\/\/api.w.org\/{rel}","templated":true}]}}