{"id":3931,"date":"2019-05-14T10:30:37","date_gmt":"2019-05-14T15:30:37","guid":{"rendered":"http:\/\/diariodigitalmx.com\/?p=3931"},"modified":"2019-05-14T10:30:38","modified_gmt":"2019-05-14T15:30:38","slug":"por-cierto-41","status":"publish","type":"post","link":"https:\/\/diariodigitalmx.com\/index.php\/2019\/05\/14\/por-cierto-41\/","title":{"rendered":"Por cierto&#8230;"},"content":{"rendered":"\n<p>\n\n\u00d3scar Tamez Rodr\u00edguez<\/p>\n\n\n\n<p>Sigue un cap\u00edtulo m\u00e1s de la novela \u201cel cami\u00f3n que no pagu\u00e9\u201d en donde el Consejo de Transporte no aprueba el alza a las tarifas y seguramente los camioneros insistir\u00e1n en boicotear la gobernabilidad sacando camiones de circulaci\u00f3n. <\/p>\n\n\n\n<p>Vaya, por qu\u00e9 no le piden a la universidad que haga un estudio en donde estime ingresos por unidad por vuelta, lo multiplique por n\u00famero de vueltas, luego le reste gastos de combustible, salario del d\u00eda de los choferes, estimaci\u00f3n de deterioro de unidad y dem\u00e1s, quiz\u00e1 descubramos que los camioneros sacan m\u00e1s de 3 o 4 mil pesos de utilidad por unidad al d\u00eda. <\/p>\n\n\n\n<p>Digo, si a este opinador ne\u00f3fito se le ocurri\u00f3, porque a ning\u00fan experto se le ha ocurrido algo tangible, o, \u00bfSer\u00e1 que es un caos para administrar su resultado?&#8230; Ma\u00f1ana es el d\u00eda de los profes, ya sabe, este d\u00eda todos hablaran maravillas de los mentores, al d\u00eda siguiente todo ser\u00e1 mentadas de nuevo, claro, est\u00e1n los profef\u00f3bicos, esos que odian a los maestros y quieren la reforma de Pe\u00f1a. <\/p>\n\n\n\n<p>Alguien me cont\u00f3 que al copetes y su segundo en educaci\u00f3n, les pusieron orejas de burro de ni\u00f1os y de ah\u00ed el rencor, \u00a1yo no lo creo, se ven inteligentes ellos!<br><a rel=\"noreferrer noopener\" href=\"http:\/\/www.estudiospoliticos.mx\/\" target=\"_blank\">www.estudiospoliticos.mx<\/a><\/p>\n\n\n\n<p>@EstudiosMx<a rel=\"noreferrer noopener\" href=\"http:\/\/www.facebook.com\/EstudiosPoliticos.mx\" target=\"_blank\">w<\/a><\/p>\n\n\n\n<p><a rel=\"noreferrer noopener\" href=\"http:\/\/www.facebook.com\/EstudiosPoliticos.mx\" target=\"_blank\">ww.facebook.com\/EstudiosPoliticos.mx<\/a><\/p>\n","protected":false},"excerpt":{"rendered":"<p>\u00d3scar Tamez Rodr\u00edguez Sigue un cap\u00edtulo m\u00e1s de la novela \u201cel cami\u00f3n que no pagu\u00e9\u201d en donde el Consejo de Transporte no aprueba el alza a las tarifas y seguramente los camioneros insistir\u00e1n en boicotear la gobernabilidad sacando camiones de circulaci\u00f3n. Vaya, por qu\u00e9 no le piden a la universidad que haga un estudio en [&hellip;]<\/p>\n","protected":false},"author":1,"featured_media":3619,"comment_status":"open","ping_status":"open","sticky":true,"template":"","format":"standard","meta":{"footnotes":""},"categories":[12],"tags":[],"_links":{"self":[{"href":"https:\/\/diariodigitalmx.com\/index.php\/wp-json\/wp\/v2\/posts\/3931"}],"collection":[{"href":"https:\/\/diariodigitalmx.com\/index.php\/wp-json\/wp\/v2\/posts"}],"about":[{"href":"https:\/\/diariodigitalmx.com\/index.php\/wp-json\/wp\/v2\/types\/post"}],"author":[{"embeddable":true,"href":"https:\/\/diariodigitalmx.com\/index.php\/wp-json\/wp\/v2\/users\/1"}],"replies":[{"embeddable":true,"href":"https:\/\/diariodigitalmx.com\/index.php\/wp-json\/wp\/v2\/comments?post=3931"}],"version-history":[{"count":1,"href":"https:\/\/diariodigitalmx.com\/index.php\/wp-json\/wp\/v2\/posts\/3931\/revisions"}],"predecessor-version":[{"id":3932,"href":"https:\/\/diariodigitalmx.com\/index.php\/wp-json\/wp\/v2\/posts\/3931\/revisions\/3932"}],"wp:featuredmedia":[{"embeddable":true,"href":"https:\/\/diariodigitalmx.com\/index.php\/wp-json\/wp\/v2\/media\/3619"}],"wp:attachment":[{"href":"https:\/\/diariodigitalmx.com\/index.php\/wp-json\/wp\/v2\/media?parent=3931"}],"wp:term":[{"taxonomy":"category","embeddable":true,"href":"https:\/\/diariodigitalmx.com\/index.php\/wp-json\/wp\/v2\/categories?post=3931"},{"taxonomy":"post_tag","embeddable":true,"href":"https:\/\/diariodigitalmx.com\/index.php\/wp-json\/wp\/v2\/tags?post=3931"}],"curies":[{"name":"wp","href":"https:\/\/api.w.org\/{rel}","templated":true}]}}