{"id":3939,"date":"2019-05-14T18:55:09","date_gmt":"2019-05-14T23:55:09","guid":{"rendered":"http:\/\/diariodigitalmx.com\/?p=3939"},"modified":"2019-05-14T18:55:10","modified_gmt":"2019-05-14T23:55:10","slug":"avala-congreso-de-n-l-reforma-educativa","status":"publish","type":"post","link":"https:\/\/diariodigitalmx.com\/index.php\/2019\/05\/14\/avala-congreso-de-n-l-reforma-educativa\/","title":{"rendered":"Avala Congreso de N L, reforma educativa"},"content":{"rendered":"\n<p>Nuevo Le\u00f3n se convirti\u00f3 en la d\u00e9cima primera entidad que aprob\u00f3 la reforma constitucional en materia educativa.<br><\/p>\n\n\n\n<p>Fueron 24 votos a favor y 14 en contra en donde destac\u00f3 la aprobaci\u00f3n de los priistas<br><\/p>\n\n\n\n<p>Con el voto en contra estuvieron los legisladores locales del PAN y del PES, pero a final de cuentas el Congreso local aprob\u00f3 la minuta que contiene la reforma a la Constituci\u00f3n federal en materia educativa y se convirti\u00f3 en la onceava Legislatura en hacerlo.<br><\/p>\n\n\n\n<p>La minuta se aprob\u00f3 con el voto de 24 legisladores &nbsp;del PRI, Morena, PT, Movimiento Ciudadano, Nueva Alianza y Partido Verde, mientras que &nbsp;14  del PAN  estuvieron en contra, adem\u00e1s de Tabita Ortiz del PES.<br><\/p>\n\n\n\n<p>Juan Carlos Ruiz del PAN no vot\u00f3 y tampoco votaron las diputadas de Movimiento Ciudadano Karina Barr\u00f3n, y Mariela Sald\u00edvar.<br><\/p>\n\n\n\n<p>A favor del dictamen presentado por la Comisi\u00f3n de Puntos Constitucionales se manifestaron los legisladores Mar\u00eda Dolores Leal, de Nueva Alianza; Ramiro Gonz\u00e1lez, Celia Alonso y Julia Espinosa de los Monteros, de Morena; Horacio Tijerina, de Movimiento Ciudadano, y Mar\u00eda Guadalupe Rodr\u00edguez, del PT.<br><\/p>\n\n\n\n<p>La aprobaci\u00f3n se dio en medio de aplausos y gritos de apoyo de representantes magisteriales y decenas de maestros presentes en la sesi\u00f3n del Pleno.<\/p>\n","protected":false},"excerpt":{"rendered":"<p>Nuevo Le\u00f3n se convirti\u00f3 en la d\u00e9cima primera entidad que aprob\u00f3 la reforma constitucional en materia educativa. Fueron 24 votos a favor y 14 en contra en donde destac\u00f3 la aprobaci\u00f3n de los priistas Con el voto en contra estuvieron los legisladores locales del PAN y del PES, pero a final de cuentas el Congreso [&hellip;]<\/p>\n","protected":false},"author":1,"featured_media":3942,"comment_status":"open","ping_status":"open","sticky":false,"template":"","format":"standard","meta":{"footnotes":""},"categories":[6,3],"tags":[],"_links":{"self":[{"href":"https:\/\/diariodigitalmx.com\/index.php\/wp-json\/wp\/v2\/posts\/3939"}],"collection":[{"href":"https:\/\/diariodigitalmx.com\/index.php\/wp-json\/wp\/v2\/posts"}],"about":[{"href":"https:\/\/diariodigitalmx.com\/index.php\/wp-json\/wp\/v2\/types\/post"}],"author":[{"embeddable":true,"href":"https:\/\/diariodigitalmx.com\/index.php\/wp-json\/wp\/v2\/users\/1"}],"replies":[{"embeddable":true,"href":"https:\/\/diariodigitalmx.com\/index.php\/wp-json\/wp\/v2\/comments?post=3939"}],"version-history":[{"count":2,"href":"https:\/\/diariodigitalmx.com\/index.php\/wp-json\/wp\/v2\/posts\/3939\/revisions"}],"predecessor-version":[{"id":3941,"href":"https:\/\/diariodigitalmx.com\/index.php\/wp-json\/wp\/v2\/posts\/3939\/revisions\/3941"}],"wp:featuredmedia":[{"embeddable":true,"href":"https:\/\/diariodigitalmx.com\/index.php\/wp-json\/wp\/v2\/media\/3942"}],"wp:attachment":[{"href":"https:\/\/diariodigitalmx.com\/index.php\/wp-json\/wp\/v2\/media?parent=3939"}],"wp:term":[{"taxonomy":"category","embeddable":true,"href":"https:\/\/diariodigitalmx.com\/index.php\/wp-json\/wp\/v2\/categories?post=3939"},{"taxonomy":"post_tag","embeddable":true,"href":"https:\/\/diariodigitalmx.com\/index.php\/wp-json\/wp\/v2\/tags?post=3939"}],"curies":[{"name":"wp","href":"https:\/\/api.w.org\/{rel}","templated":true}]}}