{"id":3966,"date":"2019-05-15T08:59:27","date_gmt":"2019-05-15T13:59:27","guid":{"rendered":"http:\/\/diariodigitalmx.com\/?p=3966"},"modified":"2019-05-15T08:59:28","modified_gmt":"2019-05-15T13:59:28","slug":"eu-retira-de-irak-a-su-personal-diplomatico-por-seguridad","status":"publish","type":"post","link":"https:\/\/diariodigitalmx.com\/index.php\/2019\/05\/15\/eu-retira-de-irak-a-su-personal-diplomatico-por-seguridad\/","title":{"rendered":"EU retira de Irak a su personal diplom\u00e1tico por seguridad"},"content":{"rendered":"\n<p>Estados Unidos orden\u00f3 hoy evacuar al personal no esencial de su embajada en Irak y de su consulado en Erbil, capital de la regi\u00f3n del Kurdist\u00e1n (norte), por motivos de seguridad, en plena escalada de tensi\u00f3n con Ir\u00e1n.<\/p>\n\n\n\n<p>A ra\u00edz de esta decisi\u00f3n, los servicios de emisi\u00f3n de visados se suspender\u00e1n de forma temporal en los consulados de Bagdad y Erbil, seg\u00fan un comunicado de la embajada.<\/p>\n\n\n\n<p>En la nota, en la que no explica el motivo por el que se ha ordenado la evacuaci\u00f3n, se advierte de que la capacidad de proveer servicios de emergencia a los ciudadanos estadounidenses en Irak ser\u00e1 &#8220;limitada&#8221; mientras dure la suspensi\u00f3n.<\/p>\n\n\n\n<p>La embajada recomend\u00f3 a sus ciudadanos que salgan de Irak &#8220;tan pronto como sea posible&#8221; por medios de transporte comerciales, que eviten instalaciones estadounidenses en Irak, que revisen sus planes de seguridad personales y que est\u00e9n atentos a los medios de comunicaci\u00f3n locales.<\/p>\n\n\n\n<p>La evacuaci\u00f3n del personal diplom\u00e1tico se produce en pleno aumento de tensi\u00f3n entre Washington e Ir\u00e1n, pa\u00eds vecino a Irak y con gran influencia en Bagdad.<\/p>\n\n\n\n<p>En la \u00faltima semana, EEUU ha enviado al golfo P\u00e9rsico el portaaviones USS &#8220;Abraham Lincoln&#8221;, el buque de asalto anfibio USS &#8220;Arlington&#8221;, misiles Patriot y bombarderos, tras denunciar que hab\u00eda detectado &#8220;indicios&#8221; de planes ofensivos iran\u00edes contra sus fuerzas e intereses en Oriente Medio.<\/p>\n\n\n\n<p>El pasado septiembre Estados Unidos cerr\u00f3 su consulado en Basora (sur) despu\u00e9s de que se registraran disparos en las inmediaciones del edificio, de los que Washington culp\u00f3 a las milicias apoyadas por Ir\u00e1n.<\/p>\n\n\n\n<p>Los disparos en las cercan\u00edas del consulado de Basora se produjeron en el contexto de unas protestas multitudinarias, motivadas por una crisis en el sistema de abastecimiento de agua, en las que tambi\u00e9n result\u00f3 incendiado el consulado iran\u00ed.<\/p>\n","protected":false},"excerpt":{"rendered":"<p>Estados Unidos orden\u00f3 hoy evacuar al personal no esencial de su embajada en Irak y de su consulado en Erbil, capital de la regi\u00f3n del Kurdist\u00e1n (norte), por motivos de seguridad, en plena escalada de tensi\u00f3n con Ir\u00e1n. A ra\u00edz de esta decisi\u00f3n, los servicios de emisi\u00f3n de visados se suspender\u00e1n de forma temporal en [&hellip;]<\/p>\n","protected":false},"author":1,"featured_media":3969,"comment_status":"open","ping_status":"open","sticky":false,"template":"","format":"standard","meta":{"footnotes":""},"categories":[4],"tags":[],"_links":{"self":[{"href":"https:\/\/diariodigitalmx.com\/index.php\/wp-json\/wp\/v2\/posts\/3966"}],"collection":[{"href":"https:\/\/diariodigitalmx.com\/index.php\/wp-json\/wp\/v2\/posts"}],"about":[{"href":"https:\/\/diariodigitalmx.com\/index.php\/wp-json\/wp\/v2\/types\/post"}],"author":[{"embeddable":true,"href":"https:\/\/diariodigitalmx.com\/index.php\/wp-json\/wp\/v2\/users\/1"}],"replies":[{"embeddable":true,"href":"https:\/\/diariodigitalmx.com\/index.php\/wp-json\/wp\/v2\/comments?post=3966"}],"version-history":[{"count":2,"href":"https:\/\/diariodigitalmx.com\/index.php\/wp-json\/wp\/v2\/posts\/3966\/revisions"}],"predecessor-version":[{"id":3968,"href":"https:\/\/diariodigitalmx.com\/index.php\/wp-json\/wp\/v2\/posts\/3966\/revisions\/3968"}],"wp:featuredmedia":[{"embeddable":true,"href":"https:\/\/diariodigitalmx.com\/index.php\/wp-json\/wp\/v2\/media\/3969"}],"wp:attachment":[{"href":"https:\/\/diariodigitalmx.com\/index.php\/wp-json\/wp\/v2\/media?parent=3966"}],"wp:term":[{"taxonomy":"category","embeddable":true,"href":"https:\/\/diariodigitalmx.com\/index.php\/wp-json\/wp\/v2\/categories?post=3966"},{"taxonomy":"post_tag","embeddable":true,"href":"https:\/\/diariodigitalmx.com\/index.php\/wp-json\/wp\/v2\/tags?post=3966"}],"curies":[{"name":"wp","href":"https:\/\/api.w.org\/{rel}","templated":true}]}}