{"id":4041,"date":"2019-05-16T11:24:04","date_gmt":"2019-05-16T16:24:04","guid":{"rendered":"http:\/\/diariodigitalmx.com\/?p=4041"},"modified":"2019-05-16T11:24:06","modified_gmt":"2019-05-16T16:24:06","slug":"detienen-en-francia-a-josu-ternera-dirigente-historico-de-eta","status":"publish","type":"post","link":"https:\/\/diariodigitalmx.com\/index.php\/2019\/05\/16\/detienen-en-francia-a-josu-ternera-dirigente-historico-de-eta\/","title":{"rendered":"Detienen en Francia a Josu Ternera, dirigente hist\u00f3rico de ETA"},"content":{"rendered":"\n<p>Notimex<\/p>\n\n\n\n<p>Madrid.- El exjefe pol\u00edtico de ETA, Jos\u00e9 Antonio Urrutikoetxea, alias Josu Ternera, fue detenido este jueves en Francia, en una operaci\u00f3n conjunta de la Guardia Civil y la Direcci\u00f3n General de Seguridad Interior francesa (DGSI), inform\u00f3 el Ministerio del Interior espa\u00f1ol.<\/p>\n\n\n\n<p>La captura del que fuera uno de los hist\u00f3ricos dirigentes de la organizaci\u00f3n separatista vasca armada (ETA), disuelta desde hace un a\u00f1o, se registr\u00f3 &#8220;en las primeras horas de la ma\u00f1ana del d\u00eda de hoy en la localidad de Sallanches, en los Alpes franceses&#8221;, precis\u00f3 el ministerio de acuerdo con la prensa espa\u00f1ola.<\/p>\n\n\n\n<p>La justicia espa\u00f1ola lo considera responsable de un atentado con bomba en 1987 en el cuartel de la Guardia Civil de Zaragoza (noreste), que dej\u00f3 11 muertos, entre ellos varios ni\u00f1os.<\/p>\n\n\n\n<p>Ternera ingresar\u00e1 directamente en una prisi\u00f3n francesa para cumplir ocho a\u00f1os de la condena que recibi\u00f3 en 2017 por su papel como miembro del aparato pol\u00edtico de la banda terrorista ETA, de acuerdo con la agencia EFE.<\/p>\n\n\n\n<p>Durante 40 a\u00f1os de violencia por la independencia del Pa\u00eds Vasco y Navarra, ETA asesin\u00f3 a m\u00e1s de 800 personas hasta abandonar la lucha armada en 2011.<\/p>\n","protected":false},"excerpt":{"rendered":"<p>Notimex Madrid.- El exjefe pol\u00edtico de ETA, Jos\u00e9 Antonio Urrutikoetxea, alias Josu Ternera, fue detenido este jueves en Francia, en una operaci\u00f3n conjunta de la Guardia Civil y la Direcci\u00f3n General de Seguridad Interior francesa (DGSI), inform\u00f3 el Ministerio del Interior espa\u00f1ol. La captura del que fuera uno de los hist\u00f3ricos dirigentes de la organizaci\u00f3n [&hellip;]<\/p>\n","protected":false},"author":1,"featured_media":4042,"comment_status":"open","ping_status":"open","sticky":true,"template":"","format":"standard","meta":{"footnotes":""},"categories":[4],"tags":[],"_links":{"self":[{"href":"https:\/\/diariodigitalmx.com\/index.php\/wp-json\/wp\/v2\/posts\/4041"}],"collection":[{"href":"https:\/\/diariodigitalmx.com\/index.php\/wp-json\/wp\/v2\/posts"}],"about":[{"href":"https:\/\/diariodigitalmx.com\/index.php\/wp-json\/wp\/v2\/types\/post"}],"author":[{"embeddable":true,"href":"https:\/\/diariodigitalmx.com\/index.php\/wp-json\/wp\/v2\/users\/1"}],"replies":[{"embeddable":true,"href":"https:\/\/diariodigitalmx.com\/index.php\/wp-json\/wp\/v2\/comments?post=4041"}],"version-history":[{"count":1,"href":"https:\/\/diariodigitalmx.com\/index.php\/wp-json\/wp\/v2\/posts\/4041\/revisions"}],"predecessor-version":[{"id":4043,"href":"https:\/\/diariodigitalmx.com\/index.php\/wp-json\/wp\/v2\/posts\/4041\/revisions\/4043"}],"wp:featuredmedia":[{"embeddable":true,"href":"https:\/\/diariodigitalmx.com\/index.php\/wp-json\/wp\/v2\/media\/4042"}],"wp:attachment":[{"href":"https:\/\/diariodigitalmx.com\/index.php\/wp-json\/wp\/v2\/media?parent=4041"}],"wp:term":[{"taxonomy":"category","embeddable":true,"href":"https:\/\/diariodigitalmx.com\/index.php\/wp-json\/wp\/v2\/categories?post=4041"},{"taxonomy":"post_tag","embeddable":true,"href":"https:\/\/diariodigitalmx.com\/index.php\/wp-json\/wp\/v2\/tags?post=4041"}],"curies":[{"name":"wp","href":"https:\/\/api.w.org\/{rel}","templated":true}]}}