{"id":4066,"date":"2019-05-16T16:21:37","date_gmt":"2019-05-16T21:21:37","guid":{"rendered":"http:\/\/diariodigitalmx.com\/?p=4066"},"modified":"2019-05-16T16:21:38","modified_gmt":"2019-05-16T21:21:38","slug":"tren-ligero-para-nuevo-leon-de-garcia-a-apodaca","status":"publish","type":"post","link":"https:\/\/diariodigitalmx.com\/index.php\/2019\/05\/16\/tren-ligero-para-nuevo-leon-de-garcia-a-apodaca\/","title":{"rendered":"Tren ligero para Nuevo Le\u00f3n; de Garc\u00eda a Apodaca"},"content":{"rendered":"\n<p>*Firma convenio AMLO y El Bronco<\/p>\n\n\n\n<p>Monterrey, N L- &nbsp;El Gobierno federal &nbsp;y el Estado de Nuevo Le\u00f3n signaron un convenio que destaca entre otros cosas m\u00e1s de 62 kil\u00f3metros de v\u00edas ferroviarias para un tren ligero.<br><\/p>\n\n\n\n<p>El presidente Andr\u00e9s Manuel L\u00f3pez Obrador y el gobernador de Nuevo Le\u00f3n, Jaime Rodr\u00edguez Calder\u00f3n firmaron el convenio que fortalece el Sistema Integral de Movilidad Metropolitana.<br><\/p>\n\n\n\n<p>La principal obra que estar\u00eda lista en 2021es el tren ligero que ir\u00eda del municipio de Garc\u00eda al poniente de la zona metropolitana hasta el aeropuerto internacional al nororiente en la localidad de Apodaca para atravesar seis municipios y dar servicio a unos 250 mil pasajeros por d\u00eda. &nbsp;<br><\/p>\n\n\n\n<p>El secretario de Comunicaciones y Transportes, &nbsp;Javier Jim\u00e9nez Espri\u00fa, inform\u00f3 que el medio alterno de transporte recorrer\u00eda unos 62 kil\u00f3metros, a lo largo de los cuales se construir\u00edan 27 estaciones y conectar\u00eda con las L\u00edneas 1 y 2 del Metro y Ecov\u00eda.<br><\/p>\n\n\n\n<p>Adem\u00e1s, &nbsp;atravesar\u00e1 los municipios de Apodaca, San Nicol\u00e1s, Monterrey, San Pedro, Santa Catarina y Garc\u00eda, con un radio de influencia que beneficiar\u00eda hasta 850 mil pasajeros.<br><\/p>\n\n\n\n<p>Manuel Vital, secretario de Desarrollo Sustentable, explic\u00f3 a su vez que la SCT asign\u00f3 alrededor de 200 millones de pesos para concluir este a\u00f1o los estudios t\u00e9cnicos de la obra, en tanto la intenci\u00f3n es &nbsp;arrancarla en 2020 con un costo  estimado en 13 mil millones de pesos.<br><\/p>\n\n\n\n<p>El Gobierno federal aportar\u00eda parte de la inversi\u00f3n y el Estado recurrir\u00eda a un esquema de Asociaci\u00f3n P\u00fablico- Privada para complementar el costo del tren ligero.<br><\/p>\n\n\n\n<p>&#8220;Esperamos terminar las ingenier\u00edas de aqu\u00ed a fin de a\u00f1o para que en el Presupuesto del a\u00f1o que entra, como oyeron al presidente, hay el compromiso de ir juntos en este proyecto&#8221;, a\u00f1adi\u00f3 el funcionario estatal.<br><\/p>\n\n\n\n<p>Aqu\u00ed el presidente L\u00f3pez Obrador coment\u00f3 que &nbsp;&nbsp;todo lo que se ocupe tendr\u00e1 el respaldo del Gobierno federal.<br><\/p>\n\n\n\n<p>El presidente tambi\u00e9n liber\u00f3 recursos para la Presa Libertad, la L\u00ednea 3 del Metro y el Penal del Topo Chico, sin que se dieran mayores detalles de montos por cada proyecto.<\/p>\n\n\n\n<p><\/p>\n\n\n\n<p><br><\/p>\n\n\n\n<ul class=\"wp-block-gallery columns-1 is-cropped wp-block-gallery-1 is-layout-flex wp-block-gallery-is-layout-flex\"><li class=\"blocks-gallery-item\"><figure><img loading=\"lazy\" decoding=\"async\" width=\"335\" height=\"268\" src=\"http:\/\/diariodigitalmx.com\/wp-content\/uploads\/2019\/05\/cropw0h0whatsappimage20190516at1.05.27pm-focus-0.16-0.4-335-268.jpg\" alt=\"\" data-id=\"4072\" data-link=\"http:\/\/diariodigitalmx.com\/?attachment_id=4072\" class=\"wp-image-4072\" srcset=\"https:\/\/diariodigitalmx.com\/wp-content\/uploads\/2019\/05\/cropw0h0whatsappimage20190516at1.05.27pm-focus-0.16-0.4-335-268.jpg 335w, https:\/\/diariodigitalmx.com\/wp-content\/uploads\/2019\/05\/cropw0h0whatsappimage20190516at1.05.27pm-focus-0.16-0.4-335-268-300x240.jpg 300w\" sizes=\"(max-width: 335px) 100vw, 335px\" \/><\/figure><\/li><\/ul>\n","protected":false},"excerpt":{"rendered":"<p>*Firma convenio AMLO y El Bronco Monterrey, N L- &nbsp;El Gobierno federal &nbsp;y el Estado de Nuevo Le\u00f3n signaron un convenio que destaca entre otros cosas m\u00e1s de 62 kil\u00f3metros de v\u00edas ferroviarias para un tren ligero. El presidente Andr\u00e9s Manuel L\u00f3pez Obrador y el gobernador de Nuevo Le\u00f3n, Jaime Rodr\u00edguez Calder\u00f3n firmaron el convenio [&hellip;]<\/p>\n","protected":false},"author":1,"featured_media":4069,"comment_status":"open","ping_status":"open","sticky":false,"template":"","format":"standard","meta":{"footnotes":""},"categories":[6,3],"tags":[],"_links":{"self":[{"href":"https:\/\/diariodigitalmx.com\/index.php\/wp-json\/wp\/v2\/posts\/4066"}],"collection":[{"href":"https:\/\/diariodigitalmx.com\/index.php\/wp-json\/wp\/v2\/posts"}],"about":[{"href":"https:\/\/diariodigitalmx.com\/index.php\/wp-json\/wp\/v2\/types\/post"}],"author":[{"embeddable":true,"href":"https:\/\/diariodigitalmx.com\/index.php\/wp-json\/wp\/v2\/users\/1"}],"replies":[{"embeddable":true,"href":"https:\/\/diariodigitalmx.com\/index.php\/wp-json\/wp\/v2\/comments?post=4066"}],"version-history":[{"count":5,"href":"https:\/\/diariodigitalmx.com\/index.php\/wp-json\/wp\/v2\/posts\/4066\/revisions"}],"predecessor-version":[{"id":4073,"href":"https:\/\/diariodigitalmx.com\/index.php\/wp-json\/wp\/v2\/posts\/4066\/revisions\/4073"}],"wp:featuredmedia":[{"embeddable":true,"href":"https:\/\/diariodigitalmx.com\/index.php\/wp-json\/wp\/v2\/media\/4069"}],"wp:attachment":[{"href":"https:\/\/diariodigitalmx.com\/index.php\/wp-json\/wp\/v2\/media?parent=4066"}],"wp:term":[{"taxonomy":"category","embeddable":true,"href":"https:\/\/diariodigitalmx.com\/index.php\/wp-json\/wp\/v2\/categories?post=4066"},{"taxonomy":"post_tag","embeddable":true,"href":"https:\/\/diariodigitalmx.com\/index.php\/wp-json\/wp\/v2\/tags?post=4066"}],"curies":[{"name":"wp","href":"https:\/\/api.w.org\/{rel}","templated":true}]}}