{"id":4088,"date":"2019-05-16T21:34:17","date_gmt":"2019-05-17T02:34:17","guid":{"rendered":"http:\/\/diariodigitalmx.com\/?p=4088"},"modified":"2019-05-16T21:34:18","modified_gmt":"2019-05-17T02:34:18","slug":"inaugura-waldo-fernandez-guarderia-en-pesqueria","status":"publish","type":"post","link":"https:\/\/diariodigitalmx.com\/index.php\/2019\/05\/16\/inaugura-waldo-fernandez-guarderia-en-pesqueria\/","title":{"rendered":"Inaugura Waldo Fern\u00e1ndez, guarder\u00eda en Pesquer\u00eda"},"content":{"rendered":"\n<p>*Los recursos los gestion\u00f3 cuando fue legislador federal<\/p>\n\n\n\n<p>Pesquer\u00eda, N. L- Unos 80 ni\u00f1os del municipio de Pesquer\u00eda ser\u00e1n beneficiados con la puesta en marcha del Centro de Atenci\u00f3n Intergeneracional \u201cPeque\u00f1as Estrellas\u201d, que se construy\u00f3 con recursos gestionados por Waldo Fern\u00e1ndez Gonz\u00e1lez cuando se desempe\u00f1\u00f3 como diputado federal.<\/p>\n\n\n\n<p>Durante una gira de trabajo de la presidenta del DIF, Adalina D\u00e1valos de Rodr\u00edguez, se puso en marcha la nueva guarder\u00eda, la cual comenzar\u00e1 a operar de forma inmediata.<\/p>\n\n\n\n<p>Con los apoyos que se gestionaron desde la C\u00e1mara de Diputados, explic\u00f3 Fern\u00e1ndez Gonz\u00e1lez, se est\u00e1n construyendo varios Centros para la Atenci\u00f3n de Grupos Vulnerables en los municipios de General Zuazua, Montemorelos, Garc\u00eda y Ju\u00e1rez, as\u00ed como la construcci\u00f3n de la barda perimetral, una vitapista y caseta de vigilancia de la Casa del Adulto Mayor del DIF Santiago.<\/p>\n\n\n\n<p>Por petici\u00f3n del municipio y ante la existencia de una Casa del Adulto Mayor, explic\u00f3 Fern\u00e1ndez Gonz\u00e1lez, el centro cambi\u00f3 de giro y se convirti\u00f3 en una guarder\u00eda infantil llamada \u201cPeque\u00f1as Estrellas\u201d.<\/p>\n\n\n\n<p>El centro, con una capacidad de atenci\u00f3n para 80 menores, en los horarios de Lunes a Viernes de 7:00 a 16:00 horas comenzar\u00e1 a operar de forma inmediata a fin de apoyar a las madres y padres de familia que no tienen donde dejar a sus hijos mientras trabajan.<\/p>\n\n\n\n<p>\u201cCon esta obra se les va a ofrecer a los ni\u00f1os del municipio de Pesquer\u00eda, la oportunidad de contar con un espacio adecuado para su desarrollo integral y sobre todo protegido mientras sus padres o tutores trabajan, ah\u00ed ellos tendr\u00e1n la oportunidad de desarrollar actividades que fomenten su creatividad, sus habilidades y su integraci\u00f3n\u201d.<\/p>\n\n\n\n<p>Desde la C\u00e1mara de Diputados, detall\u00f3 Fern\u00e1ndez Gonz\u00e1lez, se gestionaron 6.5 millones de pesos y el municipio aport\u00f3 906 mil 936.97 pesos para la construcci\u00f3n total de 610 metros cuadrados.<br><\/p>\n\n\n\n<p>Coment\u00f3 que como diputado tuvo la oportunidad de presentar una iniciativa de apoyo para estancias de adultos mayores y posteriormente buscaron recursos a fin de poderla llevar a cabo.<\/p>\n\n\n\n<p>\u201cCuando fui diputado gestionamos recursos para distintas obras, en el rubro de apoyos a este tipo de centros, los recursos que conseguimos eran de unos 48 millones de pesos, y se busc\u00f3 que ese dinero se enfocara en estos centros, porque es lo que necesita la gente, contar con espacios para dejar a sus hijos o a sus padres, cuando son espacios gerontol\u00f3gicos y as\u00ed poder ir a trabajar\u201d.<br><\/p>\n\n\n\n<p>A su vez el director del DIF, Erik Mayel Caballero explic\u00f3 que se busca replicar este tipo de centros a trav\u00e9s de equipos con otras dependencias como el Instituto de las Mujeres y para ello est\u00e1n buscando apoyos econ\u00f3micos extra.<\/p>\n\n\n\n<ul class=\"wp-block-gallery columns-1 is-cropped wp-block-gallery-1 is-layout-flex wp-block-gallery-is-layout-flex\"><li class=\"blocks-gallery-item\"><figure><img loading=\"lazy\" decoding=\"async\" width=\"1024\" height=\"682\" src=\"http:\/\/diariodigitalmx.com\/wp-content\/uploads\/2019\/05\/IMG-20190516-WA0005-1024x682.jpg\" alt=\"\" data-id=\"4092\" data-link=\"http:\/\/diariodigitalmx.com\/?attachment_id=4092\" class=\"wp-image-4092\" srcset=\"https:\/\/diariodigitalmx.com\/wp-content\/uploads\/2019\/05\/IMG-20190516-WA0005-1024x682.jpg 1024w, https:\/\/diariodigitalmx.com\/wp-content\/uploads\/2019\/05\/IMG-20190516-WA0005-300x200.jpg 300w, https:\/\/diariodigitalmx.com\/wp-content\/uploads\/2019\/05\/IMG-20190516-WA0005-768x512.jpg 768w, https:\/\/diariodigitalmx.com\/wp-content\/uploads\/2019\/05\/IMG-20190516-WA0005.jpg 1280w\" sizes=\"(max-width: 1024px) 100vw, 1024px\" \/><\/figure><\/li><\/ul>\n\n\n\n<ul class=\"wp-block-gallery columns-1 is-cropped wp-block-gallery-2 is-layout-flex wp-block-gallery-is-layout-flex\"><li class=\"blocks-gallery-item\"><figure><img loading=\"lazy\" decoding=\"async\" width=\"1024\" height=\"682\" src=\"http:\/\/diariodigitalmx.com\/wp-content\/uploads\/2019\/05\/IMG-20190516-WA0009-1024x682.jpg\" alt=\"\" data-id=\"4094\" data-link=\"http:\/\/diariodigitalmx.com\/?attachment_id=4094\" class=\"wp-image-4094\" srcset=\"https:\/\/diariodigitalmx.com\/wp-content\/uploads\/2019\/05\/IMG-20190516-WA0009-1024x682.jpg 1024w, https:\/\/diariodigitalmx.com\/wp-content\/uploads\/2019\/05\/IMG-20190516-WA0009-300x200.jpg 300w, https:\/\/diariodigitalmx.com\/wp-content\/uploads\/2019\/05\/IMG-20190516-WA0009-768x512.jpg 768w, https:\/\/diariodigitalmx.com\/wp-content\/uploads\/2019\/05\/IMG-20190516-WA0009.jpg 1280w\" sizes=\"(max-width: 1024px) 100vw, 1024px\" \/><\/figure><\/li><\/ul>\n","protected":false},"excerpt":{"rendered":"<p>*Los recursos los gestion\u00f3 cuando fue legislador federal Pesquer\u00eda, N. L- Unos 80 ni\u00f1os del municipio de Pesquer\u00eda ser\u00e1n beneficiados con la puesta en marcha del Centro de Atenci\u00f3n Intergeneracional \u201cPeque\u00f1as Estrellas\u201d, que se construy\u00f3 con recursos gestionados por Waldo Fern\u00e1ndez Gonz\u00e1lez cuando se desempe\u00f1\u00f3 como diputado federal. Durante una gira de trabajo de la [&hellip;]<\/p>\n","protected":false},"author":1,"featured_media":4091,"comment_status":"open","ping_status":"open","sticky":false,"template":"","format":"standard","meta":{"footnotes":""},"categories":[6,3],"tags":[],"_links":{"self":[{"href":"https:\/\/diariodigitalmx.com\/index.php\/wp-json\/wp\/v2\/posts\/4088"}],"collection":[{"href":"https:\/\/diariodigitalmx.com\/index.php\/wp-json\/wp\/v2\/posts"}],"about":[{"href":"https:\/\/diariodigitalmx.com\/index.php\/wp-json\/wp\/v2\/types\/post"}],"author":[{"embeddable":true,"href":"https:\/\/diariodigitalmx.com\/index.php\/wp-json\/wp\/v2\/users\/1"}],"replies":[{"embeddable":true,"href":"https:\/\/diariodigitalmx.com\/index.php\/wp-json\/wp\/v2\/comments?post=4088"}],"version-history":[{"count":4,"href":"https:\/\/diariodigitalmx.com\/index.php\/wp-json\/wp\/v2\/posts\/4088\/revisions"}],"predecessor-version":[{"id":4095,"href":"https:\/\/diariodigitalmx.com\/index.php\/wp-json\/wp\/v2\/posts\/4088\/revisions\/4095"}],"wp:featuredmedia":[{"embeddable":true,"href":"https:\/\/diariodigitalmx.com\/index.php\/wp-json\/wp\/v2\/media\/4091"}],"wp:attachment":[{"href":"https:\/\/diariodigitalmx.com\/index.php\/wp-json\/wp\/v2\/media?parent=4088"}],"wp:term":[{"taxonomy":"category","embeddable":true,"href":"https:\/\/diariodigitalmx.com\/index.php\/wp-json\/wp\/v2\/categories?post=4088"},{"taxonomy":"post_tag","embeddable":true,"href":"https:\/\/diariodigitalmx.com\/index.php\/wp-json\/wp\/v2\/tags?post=4088"}],"curies":[{"name":"wp","href":"https:\/\/api.w.org\/{rel}","templated":true}]}}