{"id":4100,"date":"2019-05-16T22:12:21","date_gmt":"2019-05-17T03:12:21","guid":{"rendered":"http:\/\/diariodigitalmx.com\/?p=4100"},"modified":"2019-05-16T22:14:35","modified_gmt":"2019-05-17T03:14:35","slug":"iluminan-de-morado-el-palacio-municipal-de-monterrey","status":"publish","type":"post","link":"https:\/\/diariodigitalmx.com\/index.php\/2019\/05\/16\/iluminan-de-morado-el-palacio-municipal-de-monterrey\/","title":{"rendered":"Iluminan de morado el palacio municipal de Monterrey"},"content":{"rendered":"\n<p> Como cada a\u00f1o, el palacio municipal de Monterrey fue iluminado de morado para conmemorar el \u2018D\u00eda Internacional de la Lucha contra la Homofobia, Transfobia y Biofobia\u2019.<br><\/p>\n\n\n\n<p> &nbsp;&nbsp;&nbsp;En punto de las 20:00 horas del jueves se encendieron las luces que permanecer\u00e1n durante todo el d\u00eda 17, fecha en que se recuerda la mencionada lucha en todo el mundo.<br><\/p>\n\n\n\n<p> &nbsp;&nbsp;&nbsp;En el encendido de las luces moradas estuvo presente el secretario de Desarrollo Social, Rafael Ramos de la Garza, la presidenta de la Comisi\u00f3n Estatal de Derechos Humanos, Sof\u00eda Velasco Becerra, la regidora Liliana Tijerina, as\u00ed como el representante de \u2018Movimiento por la Igualdad en Nuevo Le\u00f3n\u2019 Mario Rodr\u00edguez Platas, entre otros representantes de la comunidad LGBT. <br><\/p>\n\n\n\n<p> &nbsp;&nbsp;\u2018\u2018El Gobierno de Monterrey se suma a este esfuerzo para construir espacios de reflexi\u00f3n desde donde fomentemos la conciencia y la inclusi\u00f3n social, para as\u00ed convivir en armon\u00eda eliminando cualquier tipo de discriminaci\u00f3n\u2019\u2019, dijo el funcionario municipal.<\/p>\n\n\n\n<p> &nbsp;&nbsp;&nbsp;As\u00ed mismo hizo un llamado a todos los regiomontanos para unirse y sensibilizarse para eliminar la discriminaci\u00f3n como una parte primordial del respeto a los derechos humanos.<br><\/p>\n\n\n\n<p> &nbsp;&nbsp;&nbsp;\u2018\u2018Hoy 16 de mayo de 2019, con el encendido de la luz morada nos sumamos a esta postura solidaria en la b\u00fasqueda del respeto y la convivencia pac\u00edfica de los ciudadanos, as\u00ed como en la observancia permanente de los derechos humanos\u2019\u2019, agreg\u00f3.<br><\/p>\n\n\n\n<p> &nbsp;&nbsp;&nbsp;&nbsp;Por acuerdo de Cabildo, cada 17 de mayo el edificio municipal luce de color morado como una manera de sensibilizar a la comunidad regiomontana a fin de fomentar la igualdad, el respeto y visibilizar la lucha contra la discriminaci\u00f3n y estigmatizaci\u00f3n de personas con diferente orientaci\u00f3n sexual.<\/p>\n\n\n\n<figure class=\"wp-block-image\"><img loading=\"lazy\" decoding=\"async\" width=\"1024\" height=\"689\" src=\"http:\/\/diariodigitalmx.com\/wp-content\/uploads\/2019\/05\/11-1024x689.jpg\" alt=\"\" class=\"wp-image-4105\" srcset=\"https:\/\/diariodigitalmx.com\/wp-content\/uploads\/2019\/05\/11-1024x689.jpg 1024w, https:\/\/diariodigitalmx.com\/wp-content\/uploads\/2019\/05\/11-300x202.jpg 300w, https:\/\/diariodigitalmx.com\/wp-content\/uploads\/2019\/05\/11-768x517.jpg 768w\" sizes=\"(max-width: 1024px) 100vw, 1024px\" \/><\/figure>\n","protected":false},"excerpt":{"rendered":"<p>Como cada a\u00f1o, el palacio municipal de Monterrey fue iluminado de morado para conmemorar el \u2018D\u00eda Internacional de la Lucha contra la Homofobia, Transfobia y Biofobia\u2019. &nbsp;&nbsp;&nbsp;En punto de las 20:00 horas del jueves se encendieron las luces que permanecer\u00e1n durante todo el d\u00eda 17, fecha en que se recuerda la mencionada lucha en todo [&hellip;]<\/p>\n","protected":false},"author":1,"featured_media":4103,"comment_status":"open","ping_status":"open","sticky":false,"template":"","format":"standard","meta":{"footnotes":""},"categories":[6,3],"tags":[],"_links":{"self":[{"href":"https:\/\/diariodigitalmx.com\/index.php\/wp-json\/wp\/v2\/posts\/4100"}],"collection":[{"href":"https:\/\/diariodigitalmx.com\/index.php\/wp-json\/wp\/v2\/posts"}],"about":[{"href":"https:\/\/diariodigitalmx.com\/index.php\/wp-json\/wp\/v2\/types\/post"}],"author":[{"embeddable":true,"href":"https:\/\/diariodigitalmx.com\/index.php\/wp-json\/wp\/v2\/users\/1"}],"replies":[{"embeddable":true,"href":"https:\/\/diariodigitalmx.com\/index.php\/wp-json\/wp\/v2\/comments?post=4100"}],"version-history":[{"count":5,"href":"https:\/\/diariodigitalmx.com\/index.php\/wp-json\/wp\/v2\/posts\/4100\/revisions"}],"predecessor-version":[{"id":4107,"href":"https:\/\/diariodigitalmx.com\/index.php\/wp-json\/wp\/v2\/posts\/4100\/revisions\/4107"}],"wp:featuredmedia":[{"embeddable":true,"href":"https:\/\/diariodigitalmx.com\/index.php\/wp-json\/wp\/v2\/media\/4103"}],"wp:attachment":[{"href":"https:\/\/diariodigitalmx.com\/index.php\/wp-json\/wp\/v2\/media?parent=4100"}],"wp:term":[{"taxonomy":"category","embeddable":true,"href":"https:\/\/diariodigitalmx.com\/index.php\/wp-json\/wp\/v2\/categories?post=4100"},{"taxonomy":"post_tag","embeddable":true,"href":"https:\/\/diariodigitalmx.com\/index.php\/wp-json\/wp\/v2\/tags?post=4100"}],"curies":[{"name":"wp","href":"https:\/\/api.w.org\/{rel}","templated":true}]}}