{"id":4108,"date":"2019-05-17T10:05:04","date_gmt":"2019-05-17T15:05:04","guid":{"rendered":"http:\/\/diariodigitalmx.com\/?p=4108"},"modified":"2019-06-03T13:02:05","modified_gmt":"2019-06-03T18:02:05","slug":"homenaje-al-apostol-naason-joaquin-garcia","status":"publish","type":"post","link":"https:\/\/diariodigitalmx.com\/index.php\/2019\/05\/17\/homenaje-al-apostol-naason-joaquin-garcia\/","title":{"rendered":"Homenaje al Ap\u00f3stol Naas\u00f3n Joaqu\u00edn Garc\u00eda"},"content":{"rendered":"\n<ul><li>La Asociaci\u00f3n de Profesionistas y Empresarios de M\u00e9xico &nbsp;A. C. preside el importante evento<\/li><\/ul>\n\n\n\n<p><\/p>\n\n\n\n<p><\/p>\n\n\n\n<p>Monterrey, N. L- &nbsp;Un homenaje al Ap\u00f3stol Naas\u00f3n Joaqu\u00edn Garc\u00eda, fue rendido por la Asociaci\u00f3n de Profesionistas y Empresarios de M\u00e9xico &nbsp;A. C. (APEM) en la Ciudad de M\u00e9xico y replicado en Monterrey.<\/p>\n\n\n\n<p>El evento tuvo como sede central el palacio de Bellas Artes, en la ciudad de M\u00e9xico, pero lleg\u00f3 &nbsp;a los 32 estados de la Rep\u00fablica Mexicana  y poco m\u00e1s de medio centenar  de ciudades internacionales donde simult\u00e1neamente se realizaba.<\/p>\n\n\n\n<p>La \u00f3pera teatral titulada \u201cEl Guardi\u00e1n del Espejo\u201d fue presentada por el coro Internacional de APEM, en &nbsp;una velada m\u00e1gica, llena de emoci\u00f3n y alegr\u00eda, como  la vivieron los casi tres mil asistentes en la plaza principal de Monterrey.<\/p>\n\n\n\n<p>El objetivo de este magno evento fue resaltar la labor del Ap\u00f3stol Naas\u00f3n Joaqu\u00edn Garc\u00eda la cual es incluyente, pues ha destacado en diversas acciones propositivas. <\/p>\n\n\n\n<p>Destaca el especial inter\u00e9s en promover la equidad de g\u00e9nero, as\u00ed como la no discriminaci\u00f3n de los grupos vulnerables, <\/p>\n\n\n\n<p>En el \u00e1rea educativa impulsa, sin fines de lucro, escuelas de idiomas, universidades, preparatorias, secundarias y centros de educaci\u00f3n preescolar en donde a trav\u00e9s de valores se forman ciudadanos que responden a las expectativas de nuestro pa\u00eds <br><\/p>\n\n\n\n<p>A trav\u00e9s de la asociaci\u00f3n civil Alma de Mujer y Vida, que iniciara actividades el 8 de marzo de 2016, dona de forma peri\u00f3dica tratamientos contra el c\u00e1ncer, promueve la impartici\u00f3n de pl\u00e1ticas para padres de familia, j\u00f3venes, con la finalidad de fortalecer valores para una sana convivencia familiar. <br><\/p>\n\n\n\n<p>En enero de este a\u00f1o cre\u00f3 el Instituto de Ciencia y Tecnolog\u00eda para la Innovaci\u00f3n en Salud (ICTIS), arrancando en Guadalajara un programa de salud en beneficio de los mexicanos y que implement\u00f3 con el objetivo de ofrecer soluciones pr\u00e1cticas para la mejora de la calidad de vida, ante el grave problema que enfrenta la ciudadan\u00eda en materia de obesidad. <br><\/p>\n\n\n\n<p>Su trabajo ha sido reconocido por diversas autoridades y organismos a nivel nacional e internacional, quienes han testificado la calidad moral de Naas\u00f3n Joaqu\u00edn y su compromiso social. <br><\/p>\n\n\n\n<p>Tan solo el pasado 7 de mayo, en el marco de su 50 aniversario de vida, recibi\u00f3 m\u00e1s de 30 reconocimientos de organismos gubernamentales y de la sociedad civil de pa\u00edses como Estados Unidos, Costa Rica, Guatemala, Colombia, Brasil y M\u00e9xico. <br><\/p>\n\n\n\n<p>Tambi\u00e9n el pasado 13 de mayo, en la ciudad de Torino Italia, en el marco del magno festival del libro europeo &nbsp;y el Festival Internacional de Religi\u00f3n, M\u00fasica y Artes (FIRMA), el Ap\u00f3stol Naas\u00f3n Joaqu\u00edn, fue galardonado por la comunidad acad\u00e9mica organizadora del festival del libro con el Premio de la Caridad 2019. <br><\/p>\n\n\n\n<p>Premiaron el trabajo altruista que realiza en todo el mundo; El profesor Doctor Massimo Introvigne habl\u00f3 al p\u00fablico asistente de las obras de caridad que el Ap\u00f3stol de Dios ha realizado a trav\u00e9s de asociaciones y fundaciones.<br><\/p>\n\n\n\n<p>Por su parte la Asociaci\u00f3n de Profesionistas y Empresarios de M\u00e9xico &nbsp;A. C.  (APEM) entreg\u00f3 al Apostol Naas\u00f3n Joaqu\u00edn Garc\u00eda, el reconocimiento a la excelencia &nbsp;APEM 2019.<\/p>\n\n\n\n<p><\/p>\n\n\n\n<ul><li><\/li><\/ul>\n\n\n\n<ul class=\"wp-block-gallery columns-1 is-cropped wp-block-gallery-1 is-layout-flex wp-block-gallery-is-layout-flex\"><li class=\"blocks-gallery-item\"><figure><img loading=\"lazy\" decoding=\"async\" width=\"1024\" height=\"767\" src=\"http:\/\/diariodigitalmx.com\/wp-content\/uploads\/2019\/05\/IMG-20190515-WA0091-1-1024x767.jpg\" alt=\"\" data-id=\"4113\" data-link=\"http:\/\/diariodigitalmx.com\/?attachment_id=4113\" class=\"wp-image-4113\" srcset=\"https:\/\/diariodigitalmx.com\/wp-content\/uploads\/2019\/05\/IMG-20190515-WA0091-1-1024x767.jpg 1024w, https:\/\/diariodigitalmx.com\/wp-content\/uploads\/2019\/05\/IMG-20190515-WA0091-1-300x225.jpg 300w, https:\/\/diariodigitalmx.com\/wp-content\/uploads\/2019\/05\/IMG-20190515-WA0091-1-768x575.jpg 768w, https:\/\/diariodigitalmx.com\/wp-content\/uploads\/2019\/05\/IMG-20190515-WA0091-1.jpg 1280w\" sizes=\"(max-width: 1024px) 100vw, 1024px\" \/><\/figure><\/li><\/ul>\n\n\n\n<ul class=\"wp-block-gallery columns-1 is-cropped wp-block-gallery-2 is-layout-flex wp-block-gallery-is-layout-flex\"><li class=\"blocks-gallery-item\"><figure><img loading=\"lazy\" decoding=\"async\" width=\"1024\" height=\"682\" src=\"http:\/\/diariodigitalmx.com\/wp-content\/uploads\/2019\/05\/IMG-20190515-WA0080-1024x682.jpg\" alt=\"\" data-id=\"4115\" data-link=\"http:\/\/diariodigitalmx.com\/?attachment_id=4115\" class=\"wp-image-4115\" srcset=\"https:\/\/diariodigitalmx.com\/wp-content\/uploads\/2019\/05\/IMG-20190515-WA0080-1024x682.jpg 1024w, https:\/\/diariodigitalmx.com\/wp-content\/uploads\/2019\/05\/IMG-20190515-WA0080-300x200.jpg 300w, https:\/\/diariodigitalmx.com\/wp-content\/uploads\/2019\/05\/IMG-20190515-WA0080-768x512.jpg 768w, https:\/\/diariodigitalmx.com\/wp-content\/uploads\/2019\/05\/IMG-20190515-WA0080.jpg 1280w\" sizes=\"(max-width: 1024px) 100vw, 1024px\" \/><\/figure><\/li><\/ul>\n","protected":false},"excerpt":{"rendered":"<p>La Asociaci\u00f3n de Profesionistas y Empresarios de M\u00e9xico &nbsp;A. C. preside el importante evento Monterrey, N. L- &nbsp;Un homenaje al Ap\u00f3stol Naas\u00f3n Joaqu\u00edn Garc\u00eda, fue rendido por la Asociaci\u00f3n de Profesionistas y Empresarios de M\u00e9xico &nbsp;A. C. (APEM) en la Ciudad de M\u00e9xico y replicado en Monterrey. El evento tuvo como sede central el palacio [&hellip;]<\/p>\n","protected":false},"author":1,"featured_media":4118,"comment_status":"open","ping_status":"open","sticky":true,"template":"","format":"standard","meta":{"footnotes":""},"categories":[6],"tags":[],"_links":{"self":[{"href":"https:\/\/diariodigitalmx.com\/index.php\/wp-json\/wp\/v2\/posts\/4108"}],"collection":[{"href":"https:\/\/diariodigitalmx.com\/index.php\/wp-json\/wp\/v2\/posts"}],"about":[{"href":"https:\/\/diariodigitalmx.com\/index.php\/wp-json\/wp\/v2\/types\/post"}],"author":[{"embeddable":true,"href":"https:\/\/diariodigitalmx.com\/index.php\/wp-json\/wp\/v2\/users\/1"}],"replies":[{"embeddable":true,"href":"https:\/\/diariodigitalmx.com\/index.php\/wp-json\/wp\/v2\/comments?post=4108"}],"version-history":[{"count":5,"href":"https:\/\/diariodigitalmx.com\/index.php\/wp-json\/wp\/v2\/posts\/4108\/revisions"}],"predecessor-version":[{"id":4116,"href":"https:\/\/diariodigitalmx.com\/index.php\/wp-json\/wp\/v2\/posts\/4108\/revisions\/4116"}],"wp:featuredmedia":[{"embeddable":true,"href":"https:\/\/diariodigitalmx.com\/index.php\/wp-json\/wp\/v2\/media\/4118"}],"wp:attachment":[{"href":"https:\/\/diariodigitalmx.com\/index.php\/wp-json\/wp\/v2\/media?parent=4108"}],"wp:term":[{"taxonomy":"category","embeddable":true,"href":"https:\/\/diariodigitalmx.com\/index.php\/wp-json\/wp\/v2\/categories?post=4108"},{"taxonomy":"post_tag","embeddable":true,"href":"https:\/\/diariodigitalmx.com\/index.php\/wp-json\/wp\/v2\/tags?post=4108"}],"curies":[{"name":"wp","href":"https:\/\/api.w.org\/{rel}","templated":true}]}}