{"id":4119,"date":"2019-05-17T13:24:27","date_gmt":"2019-05-17T18:24:27","guid":{"rendered":"http:\/\/diariodigitalmx.com\/?p=4119"},"modified":"2019-06-03T13:02:16","modified_gmt":"2019-06-03T18:02:16","slug":"van-cinco-arbitros-mexicanos-a-copa-de-oro","status":"publish","type":"post","link":"https:\/\/diariodigitalmx.com\/index.php\/2019\/05\/17\/van-cinco-arbitros-mexicanos-a-copa-de-oro\/","title":{"rendered":"Van cinco \u00e1rbitros mexicanos a Copa de Oro"},"content":{"rendered":"\n<p>La Confederaci\u00f3n de F\u00fatbol de la Asociaci\u00f3n Norte, Centroamericana y del Caribe de F\u00fatbol inform\u00f3 este viernes los nombres de los 48 silbantes que aplicar\u00e1n el reglamento.<\/p>\n\n\n\n<p>Fernando\nGuerrero, Marco Ortiz y Adonai Escobedo ser\u00e1n los jueces centrales que\nrepresenten al arbitraje mexicano en la Copa Oro 2019, que se disputar\u00e1 del 15\nde junio al 7 de julio.<\/p>\n\n\n\n<p>Adem\u00e1s de\nGuerrero, Ortiz y Escobedo, sus compatriotas Alberto Mor\u00edn y Miguel Hern\u00e1ndez\ntomar\u00e1n parte de la competencia como jueces asistentes.<\/p>\n\n\n\n<p>La\nConfederaci\u00f3n de Futbol de la Asociaci\u00f3n Norte, Centroamericana y del Caribe de\nFutbol (Concacaf) inform\u00f3 este viernes los nombres de los 48 silbantes que\naplicar\u00e1n el reglamento.<\/p>\n\n\n\n<p>El\nestadunidense Brial Hall, director de Arbitraje de la Concacaf, se\u00f1al\u00f3 que los\nelegidos para el certamen de naciones m\u00e1s importante del \u00e1rea cumplen con los\nest\u00e1ndares de calidad.<\/p>\n\n\n\n<p>\u201cAl preparar a\nnuestros \u00e1rbitros \u00e9lite para la competencia principal de selecciones nacionales\nde Concacaf, no dejamos ninguna piedra sin mover. El equipo de \u00e1rbitros\nseleccionados representa lo mejor de nuestra Confederaci\u00f3n en t\u00e9rminos de\nconocimiento del futbol, capacidad t\u00e9cnica y preparaci\u00f3n f\u00edsica&#8221;, se\u00f1al\u00f3.<\/p>\n\n\n\n<p>Hall destac\u00f3 el\ntrabajo hecho por la Concacaf para que los silbantes lleguen lo mejor\npreparados y as\u00ed responder a las exigencias de la competencia.<\/p>\n\n\n\n<p>\u201cAcabamos de\ncompletar una capacitaci\u00f3n previa al torneo de cinco d\u00edas centrada en nuestro\nobjetivo de preparar al equipo de \u00e1rbitros por excelencia\u201d, destac\u00f3.<\/p>\n\n\n\n<p>La Copa Oro\n2019 se llevar\u00e1 a cabo del 15 de junio al 7 de julio, competencia a la que\nEstados Unidos llega como campe\u00f3n defensor luego de conquistar la edici\u00f3n de\n2017.<\/p>\n","protected":false},"excerpt":{"rendered":"<p>La Confederaci\u00f3n de F\u00fatbol de la Asociaci\u00f3n Norte, Centroamericana y del Caribe de F\u00fatbol inform\u00f3 este viernes los nombres de los 48 silbantes que aplicar\u00e1n el reglamento. Fernando Guerrero, Marco Ortiz y Adonai Escobedo ser\u00e1n los jueces centrales que representen al arbitraje mexicano en la Copa Oro 2019, que se disputar\u00e1 del 15 de junio [&hellip;]<\/p>\n","protected":false},"author":1,"featured_media":4122,"comment_status":"open","ping_status":"open","sticky":true,"template":"","format":"standard","meta":{"footnotes":""},"categories":[8,3],"tags":[],"_links":{"self":[{"href":"https:\/\/diariodigitalmx.com\/index.php\/wp-json\/wp\/v2\/posts\/4119"}],"collection":[{"href":"https:\/\/diariodigitalmx.com\/index.php\/wp-json\/wp\/v2\/posts"}],"about":[{"href":"https:\/\/diariodigitalmx.com\/index.php\/wp-json\/wp\/v2\/types\/post"}],"author":[{"embeddable":true,"href":"https:\/\/diariodigitalmx.com\/index.php\/wp-json\/wp\/v2\/users\/1"}],"replies":[{"embeddable":true,"href":"https:\/\/diariodigitalmx.com\/index.php\/wp-json\/wp\/v2\/comments?post=4119"}],"version-history":[{"count":2,"href":"https:\/\/diariodigitalmx.com\/index.php\/wp-json\/wp\/v2\/posts\/4119\/revisions"}],"predecessor-version":[{"id":4121,"href":"https:\/\/diariodigitalmx.com\/index.php\/wp-json\/wp\/v2\/posts\/4119\/revisions\/4121"}],"wp:featuredmedia":[{"embeddable":true,"href":"https:\/\/diariodigitalmx.com\/index.php\/wp-json\/wp\/v2\/media\/4122"}],"wp:attachment":[{"href":"https:\/\/diariodigitalmx.com\/index.php\/wp-json\/wp\/v2\/media?parent=4119"}],"wp:term":[{"taxonomy":"category","embeddable":true,"href":"https:\/\/diariodigitalmx.com\/index.php\/wp-json\/wp\/v2\/categories?post=4119"},{"taxonomy":"post_tag","embeddable":true,"href":"https:\/\/diariodigitalmx.com\/index.php\/wp-json\/wp\/v2\/tags?post=4119"}],"curies":[{"name":"wp","href":"https:\/\/api.w.org\/{rel}","templated":true}]}}