{"id":4148,"date":"2019-05-18T07:10:19","date_gmt":"2019-05-18T12:10:19","guid":{"rendered":"http:\/\/diariodigitalmx.com\/?p=4148"},"modified":"2019-06-03T13:02:57","modified_gmt":"2019-06-03T18:02:57","slug":"adios-al-gran-batocletti","status":"publish","type":"post","link":"https:\/\/diariodigitalmx.com\/index.php\/2019\/05\/18\/adios-al-gran-batocletti\/","title":{"rendered":"Adi\u00f3s al gran Batocletti"},"content":{"rendered":"\n<p>Monterrey.- El &#8216;tigre m\u00e1s Tigre&#8217;, Osvaldo Batocletti, falleci\u00f3 este viernes a los 69 a\u00f1os de edad.<br><\/p>\n\n\n\n<p>La leyenda felina padec\u00eda c\u00e1ncer y desde hace unos d\u00edas se encontraba hospitalizado. <br><\/p>\n\n\n\n<p>Fue en el 2018 cuando &#8220;Bato&#8221; revel\u00f3 su padecimiento. <br><\/p>\n\n\n\n<p>&#8220;Atravieso unos problemitas de salud, me est\u00e1n aplicando algunas quimios y eso me ha tenido un poco alejado del f\u00fatbol&#8221;, dijo en aquel entonces..<br><\/p>\n\n\n\n<p>Osvaldo Batocletti naci\u00f3 el 22 de enero de 1950, en San Nicol\u00e1s de los Arroyos, Argentina.<br><\/p>\n\n\n\n<p>Debut\u00f3 como futbolista profesional en el Racing de Avellaneda, en su natal Argentina, donde estuvo por cinco a\u00f1os, para despu\u00e9s pasar por el Lan\u00fas y Uni\u00f3n de Santa F\u00e9. Posteriormente, migr\u00f3 a M\u00e9xico para jugar con el Le\u00f3n.<br><\/p>\n\n\n\n<p>&#8220;Bato&#8221; lleg\u00f3 a Tigres de la UANL en 1977.<br><\/p>\n\n\n\n<p>Form\u00f3 parte de los campeonatos de 1978 y 1982, y posteriormente se convirti\u00f3 en parte importante de la instituci\u00f3n, al fungir como directivo y estratega del equipo varonil y femenil.<br><\/p>\n\n\n\n<p>Su m\u00e1s reciente logro fue el campeonato de la Liga MX Femenil con Tigres, en el Torneo Clausura 2018 ante Rayadas.<\/p>\n\n\n\n<p><\/p>\n\n\n\n<p><\/p>\n\n\n\n<p><\/p>\n","protected":false},"excerpt":{"rendered":"<p>Monterrey.- El &#8216;tigre m\u00e1s Tigre&#8217;, Osvaldo Batocletti, falleci\u00f3 este viernes a los 69 a\u00f1os de edad. La leyenda felina padec\u00eda c\u00e1ncer y desde hace unos d\u00edas se encontraba hospitalizado. Fue en el 2018 cuando &#8220;Bato&#8221; revel\u00f3 su padecimiento. &#8220;Atravieso unos problemitas de salud, me est\u00e1n aplicando algunas quimios y eso me ha tenido un poco [&hellip;]<\/p>\n","protected":false},"author":1,"featured_media":4152,"comment_status":"open","ping_status":"open","sticky":true,"template":"","format":"standard","meta":{"footnotes":""},"categories":[8,3],"tags":[],"_links":{"self":[{"href":"https:\/\/diariodigitalmx.com\/index.php\/wp-json\/wp\/v2\/posts\/4148"}],"collection":[{"href":"https:\/\/diariodigitalmx.com\/index.php\/wp-json\/wp\/v2\/posts"}],"about":[{"href":"https:\/\/diariodigitalmx.com\/index.php\/wp-json\/wp\/v2\/types\/post"}],"author":[{"embeddable":true,"href":"https:\/\/diariodigitalmx.com\/index.php\/wp-json\/wp\/v2\/users\/1"}],"replies":[{"embeddable":true,"href":"https:\/\/diariodigitalmx.com\/index.php\/wp-json\/wp\/v2\/comments?post=4148"}],"version-history":[{"count":2,"href":"https:\/\/diariodigitalmx.com\/index.php\/wp-json\/wp\/v2\/posts\/4148\/revisions"}],"predecessor-version":[{"id":4150,"href":"https:\/\/diariodigitalmx.com\/index.php\/wp-json\/wp\/v2\/posts\/4148\/revisions\/4150"}],"wp:featuredmedia":[{"embeddable":true,"href":"https:\/\/diariodigitalmx.com\/index.php\/wp-json\/wp\/v2\/media\/4152"}],"wp:attachment":[{"href":"https:\/\/diariodigitalmx.com\/index.php\/wp-json\/wp\/v2\/media?parent=4148"}],"wp:term":[{"taxonomy":"category","embeddable":true,"href":"https:\/\/diariodigitalmx.com\/index.php\/wp-json\/wp\/v2\/categories?post=4148"},{"taxonomy":"post_tag","embeddable":true,"href":"https:\/\/diariodigitalmx.com\/index.php\/wp-json\/wp\/v2\/tags?post=4148"}],"curies":[{"name":"wp","href":"https:\/\/api.w.org\/{rel}","templated":true}]}}