{"id":4166,"date":"2019-05-18T17:02:27","date_gmt":"2019-05-18T22:02:27","guid":{"rendered":"http:\/\/diariodigitalmx.com\/?p=4166"},"modified":"2019-05-18T18:12:00","modified_gmt":"2019-05-18T23:12:00","slug":"critica-kb-poda-en-rio-santa-catarina","status":"publish","type":"post","link":"https:\/\/diariodigitalmx.com\/index.php\/2019\/05\/18\/critica-kb-poda-en-rio-santa-catarina\/","title":{"rendered":"Critica KB, poda en r\u00edo Santa Catarina"},"content":{"rendered":"\n<p>David Casas<\/p>\n\n\n\n<figure class=\"wp-block-image\"><img loading=\"lazy\" decoding=\"async\" width=\"1024\" height=\"886\" src=\"http:\/\/diariodigitalmx.com\/wp-content\/uploads\/2019\/05\/IMG-20190518-WA0004-1024x886.jpg\" alt=\"\" class=\"wp-image-4170\" srcset=\"https:\/\/diariodigitalmx.com\/wp-content\/uploads\/2019\/05\/IMG-20190518-WA0004.jpg 1024w, https:\/\/diariodigitalmx.com\/wp-content\/uploads\/2019\/05\/IMG-20190518-WA0004-300x260.jpg 300w, https:\/\/diariodigitalmx.com\/wp-content\/uploads\/2019\/05\/IMG-20190518-WA0004-768x665.jpg 768w\" sizes=\"(max-width: 1024px) 100vw, 1024px\" \/><\/figure>\n\n\n\n<p>La diputada de Movimiento Ciudadano, Karina Barr\u00f3n Perales, critic\u00f3 la poda que el Gobierno del Estado, anunci\u00f3 hace unos d\u00edas para el R\u00edo Santa Catarina y que tendr\u00eda un costo de 45 millones de pesos.<\/p>\n\n\n\n<p>La legisladora local se\u00f1al\u00f3 que el r\u00edo se encuentra en su estado natural, y una posible poda afectar\u00eda a m\u00e1s de 200 especies de fauna en los cerca de 30 kil\u00f3metros del r\u00edo, por lo que resulta un gasto innecesario y oneroso.<\/p>\n\n\n\n<p>&#8220;Me comprometo a luchar a favor de  nuestras zonas verdes naturales y pronunciarme en contra del gasto in\u00fatil que sugiere el Gobierno del Estado para podar el 50% de nuestro R\u00edo Santa Catarina&#8221;, se\u00f1al\u00f3 Karina Barr\u00f3n.<\/p>\n\n\n\n<p>&#8220;Desconocemos si el Gobierno del Estado cuenta con autorizaci\u00f3n de la Comisi\u00f3n Nacional del Agua para realizar dichas actividades, porque el R\u00edo es zona federal. Tal vez deben recordar que la propia CONAGUA despu\u00e9s del hurac\u00e1n Alex contrat\u00f3 un desazolve con un costo superior a los 400 millones de pesos, que por ciento no trajo ning\u00fan beneficio&#8221;, a\u00f1adi\u00f3.<\/p>\n\n\n\n<p>Dicho arbolado constituye un habitat end\u00e9mico, que produce ox\u00edgeno; absorbe la contaminaci\u00f3n; evita inundaciones; evita la dispersi\u00f3n de polvos y no perjudica el cauce del R\u00edo.<\/p>\n\n\n\n<p>Adem\u00e1s, en caso de una lluvia extraordinaria ya no se dar\u00edan los niveles de inundaci\u00f3n, toda vez que la presa Rompe Picos tiene una funci\u00f3n reguladora que retiene el flujo de la corriente.<\/p>\n\n\n\n<p>En conclusi\u00f3n tiene m\u00e1s beneficios su permanencia. <\/p>\n\n\n\n<p>&#8220;Estimamos que los 45 millones deben reasignarse a la realizaci\u00f3n de acciones precisas para combatir la contaminaci\u00f3n&#8221;, explic\u00f3.<\/p>\n\n\n\n<p>Por ello es necesario que el Gobierno analice otras opciones; en todo caso buscar que sea a trav\u00e9s de un convenio de coordinaci\u00f3n o concertaci\u00f3n con la Federaci\u00f3n  y los Municipios.<\/p>\n\n\n\n<figure class=\"wp-block-image\"><img loading=\"lazy\" decoding=\"async\" width=\"1024\" height=\"682\" src=\"http:\/\/diariodigitalmx.com\/wp-content\/uploads\/2019\/05\/IMG-20190518-WA0003-1024x682.jpg\" alt=\"\" class=\"wp-image-4172\" srcset=\"https:\/\/diariodigitalmx.com\/wp-content\/uploads\/2019\/05\/IMG-20190518-WA0003-1024x682.jpg 1024w, https:\/\/diariodigitalmx.com\/wp-content\/uploads\/2019\/05\/IMG-20190518-WA0003-300x200.jpg 300w, https:\/\/diariodigitalmx.com\/wp-content\/uploads\/2019\/05\/IMG-20190518-WA0003-768x512.jpg 768w, https:\/\/diariodigitalmx.com\/wp-content\/uploads\/2019\/05\/IMG-20190518-WA0003.jpg 1280w\" sizes=\"(max-width: 1024px) 100vw, 1024px\" \/><\/figure>\n","protected":false},"excerpt":{"rendered":"<p>David Casas La diputada de Movimiento Ciudadano, Karina Barr\u00f3n Perales, critic\u00f3 la poda que el Gobierno del Estado, anunci\u00f3 hace unos d\u00edas para el R\u00edo Santa Catarina y que tendr\u00eda un costo de 45 millones de pesos. La legisladora local se\u00f1al\u00f3 que el r\u00edo se encuentra en su estado natural, y una posible poda afectar\u00eda [&hellip;]<\/p>\n","protected":false},"author":1,"featured_media":4169,"comment_status":"open","ping_status":"open","sticky":false,"template":"","format":"standard","meta":{"footnotes":""},"categories":[6,3],"tags":[],"_links":{"self":[{"href":"https:\/\/diariodigitalmx.com\/index.php\/wp-json\/wp\/v2\/posts\/4166"}],"collection":[{"href":"https:\/\/diariodigitalmx.com\/index.php\/wp-json\/wp\/v2\/posts"}],"about":[{"href":"https:\/\/diariodigitalmx.com\/index.php\/wp-json\/wp\/v2\/types\/post"}],"author":[{"embeddable":true,"href":"https:\/\/diariodigitalmx.com\/index.php\/wp-json\/wp\/v2\/users\/1"}],"replies":[{"embeddable":true,"href":"https:\/\/diariodigitalmx.com\/index.php\/wp-json\/wp\/v2\/comments?post=4166"}],"version-history":[{"count":4,"href":"https:\/\/diariodigitalmx.com\/index.php\/wp-json\/wp\/v2\/posts\/4166\/revisions"}],"predecessor-version":[{"id":4173,"href":"https:\/\/diariodigitalmx.com\/index.php\/wp-json\/wp\/v2\/posts\/4166\/revisions\/4173"}],"wp:featuredmedia":[{"embeddable":true,"href":"https:\/\/diariodigitalmx.com\/index.php\/wp-json\/wp\/v2\/media\/4169"}],"wp:attachment":[{"href":"https:\/\/diariodigitalmx.com\/index.php\/wp-json\/wp\/v2\/media?parent=4166"}],"wp:term":[{"taxonomy":"category","embeddable":true,"href":"https:\/\/diariodigitalmx.com\/index.php\/wp-json\/wp\/v2\/categories?post=4166"},{"taxonomy":"post_tag","embeddable":true,"href":"https:\/\/diariodigitalmx.com\/index.php\/wp-json\/wp\/v2\/tags?post=4166"}],"curies":[{"name":"wp","href":"https:\/\/api.w.org\/{rel}","templated":true}]}}