{"id":4185,"date":"2019-05-18T18:10:09","date_gmt":"2019-05-18T23:10:09","guid":{"rendered":"http:\/\/diariodigitalmx.com\/?p=4185"},"modified":"2019-05-18T18:10:10","modified_gmt":"2019-05-18T23:10:10","slug":"investigan-presunta-venta-ilegal-de-terrenos-de-fomerrey","status":"publish","type":"post","link":"https:\/\/diariodigitalmx.com\/index.php\/2019\/05\/18\/investigan-presunta-venta-ilegal-de-terrenos-de-fomerrey\/","title":{"rendered":"Investigan presunta venta ilegal de terrenos de Fomerrey"},"content":{"rendered":"\n<p>*El ex director Adalberto N\u00fa\u00f1ez, deber\u00e1 mostrar que no hubo tal operaci\u00f3n<\/p>\n\n\n\n<p><\/p>\n\n\n\n<p>Jessica Leal<br><\/p>\n\n\n\n<p>Por da\u00f1o patrimonial ante presunta venta ilegal de terrenos del Estado, un ex funcionario del gobierno de \u201cEl Bronco\u201d, podr\u00eda ser imputado el lunes.<br><\/p>\n\n\n\n<p>En respuesta, &nbsp;Adalberto N\u00fa\u00f1ez, ex director de Fomerrey -encargado de la vivienda y la tierra popular- dice tener pruebas de que las operaciones de venta fueron legales.<br><\/p>\n\n\n\n<p>Actual subsecretario del Trabajo en Nuevo Le\u00f3n, ex militante del PAN donde fue alcalde en el municipio de San Nicol\u00e1s de los Garza, asegura que en los archivos de Fomerrey se encuentran los aval\u00faos y las actas del Comit\u00e9 T\u00e9cnico que soportan las transacciones inmobiliarias que observ\u00f3 la Auditor\u00eda Superior del Estado.<br><\/p>\n\n\n\n<p> Extraoficialmente se sabe que el lunes 20 de mayo, la Fiscal\u00eda Anticorrupci\u00f3n imputar\u00e1 al funcionario por ejercicio indebido de funciones y probable da\u00f1o al erario, por la venta de ocho predios de Fomerrey.<br><\/p>\n\n\n\n<p>Podr\u00eda ser imputado &nbsp;por vender lotes de uso comercial sin aval\u00faos o sin el aval del Comit\u00e9 T\u00e9cnico de Fomerrey, lo que supone un da\u00f1o al patrimonio del organismo por un monto que a\u00fan no ha sido cuantificado.<br><\/p>\n\n\n\n<p>Adalberto N\u00fa\u00f1ez estuvo como director de Fomerrey desde &nbsp;&nbsp;octubre del 2015, hasta julio del 2018, cuando fue nombrado luego, subsecretario del Trabajo.<br><\/p>\n\n\n\n<p>Las presuntas anomal\u00edas en la venta de lotes fueron se\u00f1aladas en la Cuenta P\u00fablica del 2017, donde la ASE detect\u00f3 que no se siguieron los procedimientos adecuados y algunos predios se comercializaron por debajo de su valor real.<br><\/p>\n\n\n\n<p>El reporte &nbsp;se\u00f1ala cuatro operaciones de compraventa sin aval del Comit\u00e9 T\u00e9cnico, por un monto de 4.1 millones de pesos.<br><\/p>\n\n\n\n<p>En otras cuatro operaciones se vendieron terrenos a un precio por debajo del valor comercial, lo que gener\u00f3 una afectaci\u00f3n a Fomerrey que la ASE estim\u00f3 en 6.6 millones de pesos.<br><\/p>\n\n\n\n<p>En octubre pasado, el Estado anunci\u00f3 que cancelar\u00eda las ocho operaciones de compra-venta cuestionadas, pero la ASE present\u00f3 diez denuncias penales que involucran a N\u00fa\u00f1ez y otros funcionarios de Fomerrey.<br><\/p>\n\n\n\n<p>La acusaci\u00f3n ser\u00eda por el posible delito de ejercicio indebido de funciones, pero conforme avance el caso el Ministerio P\u00fablico podr\u00eda acusarlo tambi\u00e9n da\u00f1o patrimonial.<br><\/p>\n\n\n\n<p>&#8220;No hay absolutamente ninguna irregularidad, por el car\u00e1cter de confidencialidad que implica este proceso de la Fiscal\u00eda no puedo mostrar los documentos, pero los aval\u00faos que se hicieron est\u00e1n certificados ante notario p\u00fablico\u201d, explica N\u00fa\u00f1ez.<br><\/p>\n\n\n\n<p>&#8220;Aunque no se requer\u00eda, en una de las ventas se pidi\u00f3 permiso al Comit\u00e9 T\u00e9cnico, se aprob\u00f3 y est\u00e1n las actas firmadas por el tesorero, el secretario de Infraestructura y el procurador Fiscal&#8221;, argumenta.<\/p>\n\n\n\n<p><\/p>\n\n\n\n<p><\/p>\n\n\n\n<figure class=\"wp-block-image\"><img loading=\"lazy\" decoding=\"async\" width=\"503\" height=\"376\" src=\"http:\/\/diariodigitalmx.com\/wp-content\/uploads\/2019\/05\/images-12-1.jpeg\" alt=\"\" class=\"wp-image-4188\" srcset=\"https:\/\/diariodigitalmx.com\/wp-content\/uploads\/2019\/05\/images-12-1.jpeg 503w, https:\/\/diariodigitalmx.com\/wp-content\/uploads\/2019\/05\/images-12-1-300x224.jpeg 300w\" sizes=\"(max-width: 503px) 100vw, 503px\" \/><\/figure>\n","protected":false},"excerpt":{"rendered":"<p>*El ex director Adalberto N\u00fa\u00f1ez, deber\u00e1 mostrar que no hubo tal operaci\u00f3n Jessica Leal Por da\u00f1o patrimonial ante presunta venta ilegal de terrenos del Estado, un ex funcionario del gobierno de \u201cEl Bronco\u201d, podr\u00eda ser imputado el lunes. En respuesta, &nbsp;Adalberto N\u00fa\u00f1ez, ex director de Fomerrey -encargado de la vivienda y la tierra popular- dice [&hellip;]<\/p>\n","protected":false},"author":1,"featured_media":4187,"comment_status":"open","ping_status":"open","sticky":false,"template":"","format":"standard","meta":{"footnotes":""},"categories":[6,3],"tags":[],"_links":{"self":[{"href":"https:\/\/diariodigitalmx.com\/index.php\/wp-json\/wp\/v2\/posts\/4185"}],"collection":[{"href":"https:\/\/diariodigitalmx.com\/index.php\/wp-json\/wp\/v2\/posts"}],"about":[{"href":"https:\/\/diariodigitalmx.com\/index.php\/wp-json\/wp\/v2\/types\/post"}],"author":[{"embeddable":true,"href":"https:\/\/diariodigitalmx.com\/index.php\/wp-json\/wp\/v2\/users\/1"}],"replies":[{"embeddable":true,"href":"https:\/\/diariodigitalmx.com\/index.php\/wp-json\/wp\/v2\/comments?post=4185"}],"version-history":[{"count":2,"href":"https:\/\/diariodigitalmx.com\/index.php\/wp-json\/wp\/v2\/posts\/4185\/revisions"}],"predecessor-version":[{"id":4189,"href":"https:\/\/diariodigitalmx.com\/index.php\/wp-json\/wp\/v2\/posts\/4185\/revisions\/4189"}],"wp:featuredmedia":[{"embeddable":true,"href":"https:\/\/diariodigitalmx.com\/index.php\/wp-json\/wp\/v2\/media\/4187"}],"wp:attachment":[{"href":"https:\/\/diariodigitalmx.com\/index.php\/wp-json\/wp\/v2\/media?parent=4185"}],"wp:term":[{"taxonomy":"category","embeddable":true,"href":"https:\/\/diariodigitalmx.com\/index.php\/wp-json\/wp\/v2\/categories?post=4185"},{"taxonomy":"post_tag","embeddable":true,"href":"https:\/\/diariodigitalmx.com\/index.php\/wp-json\/wp\/v2\/tags?post=4185"}],"curies":[{"name":"wp","href":"https:\/\/api.w.org\/{rel}","templated":true}]}}