{"id":420,"date":"2019-02-21T15:19:19","date_gmt":"2019-02-21T21:19:19","guid":{"rendered":"http:\/\/diariodigitalmx.com\/?p=420"},"modified":"2019-02-21T15:19:20","modified_gmt":"2019-02-21T21:19:20","slug":"reacomoda-el-bronco-gabinete-llega-waldo-fernandez","status":"publish","type":"post","link":"https:\/\/diariodigitalmx.com\/index.php\/2019\/02\/21\/reacomoda-el-bronco-gabinete-llega-waldo-fernandez\/","title":{"rendered":"Reacomoda El Bronco, Gabinete; llega Waldo Fern\u00e1ndez"},"content":{"rendered":"\n<p> <\/p>\n\n\n\n<p><strong>Armando Galicia<\/strong>\u00a0<br><\/p>\n\n\n\n<p>El Bronco realiz\u00f3 un reacomodo de\u00a0 funcionarios en su administraci\u00f3n en donde destaca la llegada de Waldo Fern\u00e1ndez a la \u00a0titularidad de la Coordinaci\u00f3n Ejecutiva del Estado.<\/p>\n\n\n\n<p>Fern\u00e1ndez, ex diputado federal por el PRD, seguir\u00e1 tambi\u00e9n al frente de la Oficina de Representaci\u00f3n del Gobierno estatal en la Ciudad de M\u00e9xico, seg\u00fan se inform\u00f3 extraoficialmente.<\/p>\n\n\n\n<p>En otros cambios,&nbsp;Mauricio Torres Elizondo, que ocupaba la Direcci\u00f3n de Adquisiciones, fue nombrado Secretario de Administraci\u00f3n en sustituci\u00f3n de Hiram Menchaca, quien ahora pasa a la direcci\u00f3n general de Simeprode, puesto que se encontraba vacante.<br><br>La Coordinaci\u00f3n Ejecutiva del Estado, &nbsp;primero estuvo a cargo de Fernando Elizondo Barrag\u00e1n quien renunci\u00f3 en 2017 para quedar de encargado Gerardo Guajardo quien ahora deja el lugar a Waldo Fern\u00e1ndez.<\/p>\n\n\n\n<p>Tras la toma de protesta de ley, Rodr\u00edguez Calder\u00f3n dese\u00f3 \u00e9xito en el desempe\u00f1o de sus funciones a Torres Elizondo, Fern\u00e1ndez Gonz\u00e1lez, y Menchaca Villarreal.<br><\/p>\n","protected":false},"excerpt":{"rendered":"<p>Armando Galicia\u00a0 El Bronco realiz\u00f3 un reacomodo de\u00a0 funcionarios en su administraci\u00f3n en donde destaca la llegada de Waldo Fern\u00e1ndez a la \u00a0titularidad de la Coordinaci\u00f3n Ejecutiva del Estado. Fern\u00e1ndez, ex diputado federal por el PRD, seguir\u00e1 tambi\u00e9n al frente de la Oficina de Representaci\u00f3n del Gobierno estatal en la Ciudad de M\u00e9xico, seg\u00fan se [&hellip;]<\/p>\n","protected":false},"author":1,"featured_media":421,"comment_status":"open","ping_status":"open","sticky":true,"template":"","format":"standard","meta":{"footnotes":""},"categories":[6,3],"tags":[],"_links":{"self":[{"href":"https:\/\/diariodigitalmx.com\/index.php\/wp-json\/wp\/v2\/posts\/420"}],"collection":[{"href":"https:\/\/diariodigitalmx.com\/index.php\/wp-json\/wp\/v2\/posts"}],"about":[{"href":"https:\/\/diariodigitalmx.com\/index.php\/wp-json\/wp\/v2\/types\/post"}],"author":[{"embeddable":true,"href":"https:\/\/diariodigitalmx.com\/index.php\/wp-json\/wp\/v2\/users\/1"}],"replies":[{"embeddable":true,"href":"https:\/\/diariodigitalmx.com\/index.php\/wp-json\/wp\/v2\/comments?post=420"}],"version-history":[{"count":1,"href":"https:\/\/diariodigitalmx.com\/index.php\/wp-json\/wp\/v2\/posts\/420\/revisions"}],"predecessor-version":[{"id":422,"href":"https:\/\/diariodigitalmx.com\/index.php\/wp-json\/wp\/v2\/posts\/420\/revisions\/422"}],"wp:featuredmedia":[{"embeddable":true,"href":"https:\/\/diariodigitalmx.com\/index.php\/wp-json\/wp\/v2\/media\/421"}],"wp:attachment":[{"href":"https:\/\/diariodigitalmx.com\/index.php\/wp-json\/wp\/v2\/media?parent=420"}],"wp:term":[{"taxonomy":"category","embeddable":true,"href":"https:\/\/diariodigitalmx.com\/index.php\/wp-json\/wp\/v2\/categories?post=420"},{"taxonomy":"post_tag","embeddable":true,"href":"https:\/\/diariodigitalmx.com\/index.php\/wp-json\/wp\/v2\/tags?post=420"}],"curies":[{"name":"wp","href":"https:\/\/api.w.org\/{rel}","templated":true}]}}