{"id":42023,"date":"2020-11-11T20:51:32","date_gmt":"2020-11-12T02:51:32","guid":{"rendered":"http:\/\/diariodigitalmx.com\/?p=42023"},"modified":"2020-11-11T20:52:01","modified_gmt":"2020-11-12T02:52:01","slug":"ampollas-37","status":"publish","type":"post","link":"https:\/\/diariodigitalmx.com\/index.php\/2020\/11\/11\/ampollas-37\/","title":{"rendered":"Ampollas"},"content":{"rendered":"\n<p>La posible postulaci\u00f3n de Mauricio Fern\u00e1ndez , como candidato a la alcald\u00eda de San Pedro Garza Garc\u00eda, tiene como objetivo, definir una estrategia pol\u00edtica para pavimentarle el camino a Clara Luz Flores y logre ser\u00e1 aceptada por la clase pudiente, como candidata de Morena a gobernadora. Nos recuerdan,  que Mauricio y Abel, es un d\u00fao peligroso que controlan una parte de San Pedro, Garcia y Escobedo. El reto que tienen, eso nos dicen, es que Morena, no haga roncha en la piel Sampetrina. <\/p>\n\n\n\n<p>Nos dijeron,  que ayer  anduvo Amador Medina, en el palax de madero, cabildeando su posible postulaci\u00f3n como candidato a alcalde de Guadalupe. El empresario y pol\u00edtico, trae toda la pila puesta, s\u00f3lo est\u00e1 analizando el veh\u00edculo adecuado ( partido)  para poder llegar  a la presidencia municipal. <\/p>\n\n\n\n<p>Un lector, nos escribe para  decirnos que el bronco ya se ech\u00f3 al pescuezo la serpiente. Que se quedo sin presupuesto y sin candidato independiente y que s\u00f3lo aspira a un reintegro, en el supuesto que la alianza federalista negocie con el gobierno federal y reciban d\u00e1divas para el pr\u00f3ximo a\u00f1o. Aunque esta posibilidad se ve complicada por la postura beligerante del gobernador de Nuevo Le\u00f3n que ya le declar\u00f3 la guerra a la 4T. Veremos. <\/p>\n\n\n\n<p>Nos comentaron, que por m\u00e1s que se re\u00fanen paco Cienfuegos y Zeferino Salgado para analizar una alianza, entre el pan y el pri, las posibilidades se ven muy lejanas, por la polarizaci\u00f3n de ideas de sus respectivas tribus que han polarizado sus ideas e intervenci\u00f3n social.<br>ampollasnuevoleon@gmail.com<\/p>\n","protected":false},"excerpt":{"rendered":"<p>La posible postulaci\u00f3n de Mauricio Fern\u00e1ndez , como candidato a la alcald\u00eda de San Pedro Garza Garc\u00eda, tiene como objetivo, definir una estrategia pol\u00edtica para pavimentarle el camino a Clara Luz Flores y logre ser\u00e1 aceptada por la clase pudiente, como candidata de Morena a gobernadora. Nos recuerdan, que Mauricio y Abel, es un d\u00fao [&hellip;]<\/p>\n","protected":false},"author":1,"featured_media":42025,"comment_status":"open","ping_status":"open","sticky":true,"template":"","format":"standard","meta":{"footnotes":""},"categories":[12,5],"tags":[],"_links":{"self":[{"href":"https:\/\/diariodigitalmx.com\/index.php\/wp-json\/wp\/v2\/posts\/42023"}],"collection":[{"href":"https:\/\/diariodigitalmx.com\/index.php\/wp-json\/wp\/v2\/posts"}],"about":[{"href":"https:\/\/diariodigitalmx.com\/index.php\/wp-json\/wp\/v2\/types\/post"}],"author":[{"embeddable":true,"href":"https:\/\/diariodigitalmx.com\/index.php\/wp-json\/wp\/v2\/users\/1"}],"replies":[{"embeddable":true,"href":"https:\/\/diariodigitalmx.com\/index.php\/wp-json\/wp\/v2\/comments?post=42023"}],"version-history":[{"count":1,"href":"https:\/\/diariodigitalmx.com\/index.php\/wp-json\/wp\/v2\/posts\/42023\/revisions"}],"predecessor-version":[{"id":42024,"href":"https:\/\/diariodigitalmx.com\/index.php\/wp-json\/wp\/v2\/posts\/42023\/revisions\/42024"}],"wp:featuredmedia":[{"embeddable":true,"href":"https:\/\/diariodigitalmx.com\/index.php\/wp-json\/wp\/v2\/media\/42025"}],"wp:attachment":[{"href":"https:\/\/diariodigitalmx.com\/index.php\/wp-json\/wp\/v2\/media?parent=42023"}],"wp:term":[{"taxonomy":"category","embeddable":true,"href":"https:\/\/diariodigitalmx.com\/index.php\/wp-json\/wp\/v2\/categories?post=42023"},{"taxonomy":"post_tag","embeddable":true,"href":"https:\/\/diariodigitalmx.com\/index.php\/wp-json\/wp\/v2\/tags?post=42023"}],"curies":[{"name":"wp","href":"https:\/\/api.w.org\/{rel}","templated":true}]}}