{"id":4203,"date":"2019-05-19T08:05:59","date_gmt":"2019-05-19T13:05:59","guid":{"rendered":"http:\/\/diariodigitalmx.com\/?p=4203"},"modified":"2019-10-18T23:43:20","modified_gmt":"2019-10-19T04:43:20","slug":"cancela-trump-aranceles-a-mexico-y-canada","status":"publish","type":"post","link":"https:\/\/diariodigitalmx.com\/index.php\/2019\/05\/19\/cancela-trump-aranceles-a-mexico-y-canada\/","title":{"rendered":"Cancela Trump aranceles a M\u00e9xico y Canad\u00e1"},"content":{"rendered":"\n<p>El presidente de Estados Unidos, Donald Trump, anunci\u00f3 hoy la suspensi\u00f3n de los aranceles al acero y aluminio que hab\u00eda impuesto su gobierno a M\u00e9xico y Canad\u00e1 el a\u00f1o pasado.<\/p>\n\n\n\n<p>&#8220;Acabamos de llegar a un acuerdo con Canad\u00e1 y M\u00e9xico (para transacciones) sin la imposici\u00f3n de aranceles o aranceles importantes&#8221;, dijo durante una conferencia en la capital estadunidense.<\/p>\n\n\n\n\n\n<p>El anuncio llega despu\u00e9s de varios contactos telef\u00f3nicos entre Trump y el primer ministro de Canad\u00e1, Justin Trudeau, y despu\u00e9s de que el Gobierno canadiense se\u00f1alara que el Parlamento de su pa\u00eds no estaba dispuesto a ratificar el T-MEC mientras siguieran en pie los aranceles.<\/p>\n\n\n\n<p>Canad\u00e1 y M\u00e9xico confiaban en que Estados Unidos levantara esos aranceles antes de la firma del acuerdo T-MEC, pero Washington no dio su brazo a torcer, y las tensiones al respecto se hab\u00edan convertido en un obst\u00e1culo para su ratificaci\u00f3n.<\/p>\n\n\n\n<p>El T-MEC es una modernizaci\u00f3n del Tratado de Libre Comercio de Am\u00e9rica del Norte (TLCAN) que los tres pa\u00edses negociaron durante un a\u00f1o a ra\u00edz de las cr\u00edticas de Trump al acuerdo vigente, y que firmaron finalmente en diciembre en Buenos Aires.<\/p>\n\n\n\n<p>En Estados Unidos, el camino a la ratificaci\u00f3n super\u00f3 un obst\u00e1culo la semana pasada, cuando M\u00e9xico aprob\u00f3 una reforma laboral que la oposici\u00f3n dem\u00f3crata hab\u00eda puesto como condici\u00f3n para dar luz verde al pacto comercial en la C\u00e1mara de Representantes, pero todav\u00eda no hay programado un voto sobre el acuerdo.<\/p>\n\n\n\n<p>De acuerdo con el comunicado conjunto de Estados Unidos y Canad\u00e1, ambos pa\u00edses decidieron que &#8220;implementar\u00e1n medidas efectivas&#8221; para impedir la importaci\u00f3n de acero y aluminio &#8220;que es subsidiado de forma injusta o vendido a bajos precios&#8221;.<\/p>\n\n\n\n<p>Tambi\u00e9n evitar\u00e1n el tr\u00e1nsito de aluminio y acero hecho por terceros y con destino a uno de los dos pa\u00edses, una aparente referencia a la preocupaci\u00f3n de Estados Unidos de que esos metales procedentes de China llegaran a su territorio a trav\u00e9s de los pa\u00edses vecinos.<\/p>\n","protected":false},"excerpt":{"rendered":"<p>El presidente de Estados Unidos, Donald Trump, anunci\u00f3 hoy la suspensi\u00f3n de los aranceles al acero y aluminio que hab\u00eda impuesto su gobierno a M\u00e9xico y Canad\u00e1 el a\u00f1o pasado. &#8220;Acabamos de llegar a un acuerdo con Canad\u00e1 y M\u00e9xico (para transacciones) sin la imposici\u00f3n de aranceles o aranceles importantes&#8221;, dijo durante una conferencia en [&hellip;]<\/p>\n","protected":false},"author":1,"featured_media":4206,"comment_status":"open","ping_status":"open","sticky":false,"template":"","format":"standard","meta":{"footnotes":""},"categories":[4,3],"tags":[],"_links":{"self":[{"href":"https:\/\/diariodigitalmx.com\/index.php\/wp-json\/wp\/v2\/posts\/4203"}],"collection":[{"href":"https:\/\/diariodigitalmx.com\/index.php\/wp-json\/wp\/v2\/posts"}],"about":[{"href":"https:\/\/diariodigitalmx.com\/index.php\/wp-json\/wp\/v2\/types\/post"}],"author":[{"embeddable":true,"href":"https:\/\/diariodigitalmx.com\/index.php\/wp-json\/wp\/v2\/users\/1"}],"replies":[{"embeddable":true,"href":"https:\/\/diariodigitalmx.com\/index.php\/wp-json\/wp\/v2\/comments?post=4203"}],"version-history":[{"count":2,"href":"https:\/\/diariodigitalmx.com\/index.php\/wp-json\/wp\/v2\/posts\/4203\/revisions"}],"predecessor-version":[{"id":4205,"href":"https:\/\/diariodigitalmx.com\/index.php\/wp-json\/wp\/v2\/posts\/4203\/revisions\/4205"}],"wp:featuredmedia":[{"embeddable":true,"href":"https:\/\/diariodigitalmx.com\/index.php\/wp-json\/wp\/v2\/media\/4206"}],"wp:attachment":[{"href":"https:\/\/diariodigitalmx.com\/index.php\/wp-json\/wp\/v2\/media?parent=4203"}],"wp:term":[{"taxonomy":"category","embeddable":true,"href":"https:\/\/diariodigitalmx.com\/index.php\/wp-json\/wp\/v2\/categories?post=4203"},{"taxonomy":"post_tag","embeddable":true,"href":"https:\/\/diariodigitalmx.com\/index.php\/wp-json\/wp\/v2\/tags?post=4203"}],"curies":[{"name":"wp","href":"https:\/\/api.w.org\/{rel}","templated":true}]}}