{"id":4222,"date":"2019-05-19T13:35:25","date_gmt":"2019-05-19T18:35:25","guid":{"rendered":"http:\/\/diariodigitalmx.com\/?p=4222"},"modified":"2019-06-03T13:04:26","modified_gmt":"2019-06-03T18:04:26","slug":"nadal-se-corona-por-novena-ocasion","status":"publish","type":"post","link":"https:\/\/diariodigitalmx.com\/index.php\/2019\/05\/19\/nadal-se-corona-por-novena-ocasion\/","title":{"rendered":"Nadal se corona por novena ocasi\u00f3n"},"content":{"rendered":"\n<p>Roma, Italia.- Rafael Nadal logr\u00f3 este domingo un r\u00e9cord de 34 triunfos en torneos ATP Masters 1000 con su victoria por 6-0, 4-6 y 6-1 sobre Novak Djokovic en la final del Abierto de Italia.<\/p>\n\n\n\n<p>El espa\u00f1ol, que compart\u00eda 33 t\u00edtulos de Masters 1000 con el serbio -n\u00famero uno del mundo- mostr\u00f3 en Roma una gran mejor\u00eda en su juego y su confianza antes del comienzo del Abierto de Francia.<\/p>\n\n\n\n<p>Nadal comenz\u00f3 el encuentro de manera fulgurante, con un primer set en blanco ante Djokovic. Es la primera vez que se registra un 6-0 en un partido entre ellos.<\/p>\n\n\n\n<p>Djokovic se hizo con el segundo set al romper el servicio de Nadal cuando lideraba por 5-4, pero el espa\u00f1ol volvi\u00f3 a mostrar el ritmo y la determinaci\u00f3n de la primera manga y se acab\u00f3 llevando por 6-1 el set definitivo.<\/p>\n\n\n\n<figure class=\"wp-block-image\"><img loading=\"lazy\" decoding=\"async\" width=\"400\" height=\"250\" src=\"http:\/\/diariodigitalmx.com\/wp-content\/uploads\/2019\/05\/tenis-nadal-Novak.jpg\" alt=\"\" class=\"wp-image-4226\" srcset=\"https:\/\/diariodigitalmx.com\/wp-content\/uploads\/2019\/05\/tenis-nadal-Novak.jpg 400w, https:\/\/diariodigitalmx.com\/wp-content\/uploads\/2019\/05\/tenis-nadal-Novak-300x188.jpg 300w\" sizes=\"(max-width: 400px) 100vw, 400px\" \/><\/figure>\n","protected":false},"excerpt":{"rendered":"<p>Roma, Italia.- Rafael Nadal logr\u00f3 este domingo un r\u00e9cord de 34 triunfos en torneos ATP Masters 1000 con su victoria por 6-0, 4-6 y 6-1 sobre Novak Djokovic en la final del Abierto de Italia. El espa\u00f1ol, que compart\u00eda 33 t\u00edtulos de Masters 1000 con el serbio -n\u00famero uno del mundo- mostr\u00f3 en Roma una [&hellip;]<\/p>\n","protected":false},"author":1,"featured_media":4225,"comment_status":"open","ping_status":"open","sticky":true,"template":"","format":"standard","meta":{"footnotes":""},"categories":[8,3],"tags":[],"_links":{"self":[{"href":"https:\/\/diariodigitalmx.com\/index.php\/wp-json\/wp\/v2\/posts\/4222"}],"collection":[{"href":"https:\/\/diariodigitalmx.com\/index.php\/wp-json\/wp\/v2\/posts"}],"about":[{"href":"https:\/\/diariodigitalmx.com\/index.php\/wp-json\/wp\/v2\/types\/post"}],"author":[{"embeddable":true,"href":"https:\/\/diariodigitalmx.com\/index.php\/wp-json\/wp\/v2\/users\/1"}],"replies":[{"embeddable":true,"href":"https:\/\/diariodigitalmx.com\/index.php\/wp-json\/wp\/v2\/comments?post=4222"}],"version-history":[{"count":3,"href":"https:\/\/diariodigitalmx.com\/index.php\/wp-json\/wp\/v2\/posts\/4222\/revisions"}],"predecessor-version":[{"id":4227,"href":"https:\/\/diariodigitalmx.com\/index.php\/wp-json\/wp\/v2\/posts\/4222\/revisions\/4227"}],"wp:featuredmedia":[{"embeddable":true,"href":"https:\/\/diariodigitalmx.com\/index.php\/wp-json\/wp\/v2\/media\/4225"}],"wp:attachment":[{"href":"https:\/\/diariodigitalmx.com\/index.php\/wp-json\/wp\/v2\/media?parent=4222"}],"wp:term":[{"taxonomy":"category","embeddable":true,"href":"https:\/\/diariodigitalmx.com\/index.php\/wp-json\/wp\/v2\/categories?post=4222"},{"taxonomy":"post_tag","embeddable":true,"href":"https:\/\/diariodigitalmx.com\/index.php\/wp-json\/wp\/v2\/tags?post=4222"}],"curies":[{"name":"wp","href":"https:\/\/api.w.org\/{rel}","templated":true}]}}