{"id":4253,"date":"2019-05-19T17:00:24","date_gmt":"2019-05-19T22:00:24","guid":{"rendered":"http:\/\/diariodigitalmx.com\/?p=4253"},"modified":"2019-05-19T17:00:25","modified_gmt":"2019-05-19T22:00:25","slug":"un-sindicato-mas-las-promesaslas-mismas","status":"publish","type":"post","link":"https:\/\/diariodigitalmx.com\/index.php\/2019\/05\/19\/un-sindicato-mas-las-promesaslas-mismas\/","title":{"rendered":"Un sindicato m\u00e1s; las promesas:las mismas"},"content":{"rendered":"\n<p>Jessica Leal<br><\/p>\n\n\n\n<p>Integrado por disidentes de otros sindicatos y gremios obreros, se form\u00f3 en Nuevo Le\u00f3n la &nbsp;Confederaci\u00f3n Aut\u00f3noma de Trabajadores y Empleados de M\u00e9xico .<br><\/p>\n\n\n\n<p>Sin novedad en el discurso, sin propuestas viables y entre las acostumbradas porras, Eduardo Pedraza Garc\u00eda, asumi\u00f3 la dirigencia de la CATEM ante la presencia &nbsp;&nbsp;del Senador de la Rep\u00fablica, Pedro Haces Barba, dirigente nacional de la CATEM.<br><\/p>\n\n\n\n<p>&#8220;Venimos a darle todo el apoyo a Lalo Pedraza porque sabemos que es un l\u00edder y si le va bien a \u00e9l, le va bien a la CATEM, queremos tambi\u00e9n decirle a los empresarios que no venimos a la confronta sino que estamos en un sindicalismo modernos donde anteponemos la productividad en pro del empresariado&#8221;, dijo el legislador federal.<br><\/p>\n\n\n\n<p>El mensaje de Eduardo Pedraza Garc\u00eda, dist\u00f3 mucho de ser un discurso innovador, creativo y acudi\u00f3 a los viejos clich\u00e9s de \u201cayudar a la clase trabajadora\u201d.<br><\/p>\n\n\n\n<p>Seg\u00fan el ungido dirigente &nbsp;&nbsp;en Nuevo Le\u00f3n tiene el apoyo de &nbsp;m\u00e1s de 10 mil trabajadores  y habr\u00e1n de hacer sinergias para mejorar las condiciones laborales de la clase trabajadora en la entidad.<br><\/p>\n\n\n\n<p>Luego siguieron las promesas de siempre: \u201cSe trabajar\u00e1 para defender la ley laboral, los derechos de los trabajadores y estar a un lado de los empresarios que en el Estado son punta de lanza&#8221;.<\/p>\n\n\n\n<p><\/p>\n\n\n\n<p><\/p>\n","protected":false},"excerpt":{"rendered":"<p>Jessica Leal Integrado por disidentes de otros sindicatos y gremios obreros, se form\u00f3 en Nuevo Le\u00f3n la &nbsp;Confederaci\u00f3n Aut\u00f3noma de Trabajadores y Empleados de M\u00e9xico . Sin novedad en el discurso, sin propuestas viables y entre las acostumbradas porras, Eduardo Pedraza Garc\u00eda, asumi\u00f3 la dirigencia de la CATEM ante la presencia &nbsp;&nbsp;del Senador de la [&hellip;]<\/p>\n","protected":false},"author":1,"featured_media":4256,"comment_status":"open","ping_status":"open","sticky":false,"template":"","format":"standard","meta":{"footnotes":""},"categories":[6,3],"tags":[],"_links":{"self":[{"href":"https:\/\/diariodigitalmx.com\/index.php\/wp-json\/wp\/v2\/posts\/4253"}],"collection":[{"href":"https:\/\/diariodigitalmx.com\/index.php\/wp-json\/wp\/v2\/posts"}],"about":[{"href":"https:\/\/diariodigitalmx.com\/index.php\/wp-json\/wp\/v2\/types\/post"}],"author":[{"embeddable":true,"href":"https:\/\/diariodigitalmx.com\/index.php\/wp-json\/wp\/v2\/users\/1"}],"replies":[{"embeddable":true,"href":"https:\/\/diariodigitalmx.com\/index.php\/wp-json\/wp\/v2\/comments?post=4253"}],"version-history":[{"count":5,"href":"https:\/\/diariodigitalmx.com\/index.php\/wp-json\/wp\/v2\/posts\/4253\/revisions"}],"predecessor-version":[{"id":4259,"href":"https:\/\/diariodigitalmx.com\/index.php\/wp-json\/wp\/v2\/posts\/4253\/revisions\/4259"}],"wp:featuredmedia":[{"embeddable":true,"href":"https:\/\/diariodigitalmx.com\/index.php\/wp-json\/wp\/v2\/media\/4256"}],"wp:attachment":[{"href":"https:\/\/diariodigitalmx.com\/index.php\/wp-json\/wp\/v2\/media?parent=4253"}],"wp:term":[{"taxonomy":"category","embeddable":true,"href":"https:\/\/diariodigitalmx.com\/index.php\/wp-json\/wp\/v2\/categories?post=4253"},{"taxonomy":"post_tag","embeddable":true,"href":"https:\/\/diariodigitalmx.com\/index.php\/wp-json\/wp\/v2\/tags?post=4253"}],"curies":[{"name":"wp","href":"https:\/\/api.w.org\/{rel}","templated":true}]}}