{"id":42717,"date":"2020-11-20T21:34:11","date_gmt":"2020-11-21T03:34:11","guid":{"rendered":"http:\/\/diariodigitalmx.com\/?p=42717"},"modified":"2020-11-20T21:36:01","modified_gmt":"2020-11-21T03:36:01","slug":"42717","status":"publish","type":"post","link":"https:\/\/diariodigitalmx.com\/index.php\/2020\/11\/20\/42717\/","title":{"rendered":"Es oficial coalici\u00f3n Morena, PT, Verde y Nueva Alianza"},"content":{"rendered":"\n<p>*Verde quiere a Clara Luz de candidata y Nueva Alianza la ve bien<\/p>\n\n\n\n<p>*No hay nada a\u00fan, resalta PT<\/p>\n\n\n\n<p>David Casas&nbsp;<br><\/p>\n\n\n\n<p>Monterrey &#8211; En Nuevo Le\u00f3n van en coalici\u00f3n Morena, PT, Pvem y Nueva Alianza.&nbsp;<br><\/p>\n\n\n\n<p>Tras registrarse la coalici\u00f3n en la Comisi\u00f3n Estatal Electoral, el diputado Asael Sep\u00falveda, en representaci\u00f3n del Partido del Trabajo dijo que ahora lo que sigue es contar con el candidato o candidata a la gubernatura.&nbsp;<br><\/p>\n\n\n\n<p>&#8220;Cada partido tiene sus normatividades, sus estatutos, ese es uno de los puntos que se siguen negociando&#8221; coment\u00f3 al referirse al m\u00e9todo de selecci\u00f3n.<br><\/p>\n\n\n\n<p>Sep\u00falveda dice que apenas van a empezar las precampa\u00f1as, todav\u00eda no son los tiempos para definir candidatos.<br><\/p>\n\n\n\n<p>&#8220;Como en todas las alianzas hay pros y contras, pero en t\u00e9rminos generales una alianza es positiva para sacar adelante un proyecto&#8221;, a\u00f1adi\u00f3 el diputado Sep\u00falveda.<br><\/p>\n\n\n\n<p>El m\u00e9todo de selecci\u00f3n del candidato o candidata a la gubernatura est\u00e1 por definirse, confirm\u00f3 a su vez la diputada federal de Morena, Guillermina Alvarado que represent\u00f3 a la dirigencia nacional de ese partido.&nbsp;<br><\/p>\n\n\n\n<p>El candidato o candidata ser\u00e1 postulado por Morena, por ser el partido que encabeza la coalici\u00f3n y&nbsp;<\/p>\n\n\n\n<p>el m\u00e9todo de elecci\u00f3n podr\u00eda ser por consulta, adelant\u00f3 la legisladora.&nbsp;<br><\/p>\n\n\n\n<p>El dirigente estatal de Nueva Alianza, Jos\u00e9 Isabel Meza sin confirmarla, habl\u00f3 bien de la Alcaldesa del municipio de Escobedo, Clara Luz Flores Carrales a quien se le ha citado como la m\u00e1s viable a la candidatura para suceder a El Bronco.&nbsp;<br><\/p>\n\n\n\n<p>&nbsp;&#8220;Par\u00e1 m\u00ed, como persona, es una persona excelente, una persona con mucha confiabilidad&#8221;.<br><\/p>\n\n\n\n<p>El registro se dio unas tres horas y media&nbsp; antes del cierre del plazo a la medianoche y por la tarde Edgar Salvatierra, dirigente estatal del Partido Verde en Nuevo Le\u00f3n dijo que ellos van en favor de Clara Luz Flores Carrales como la candidata al gobierno.&nbsp;<\/p>\n\n\n\n<p><\/p>\n\n\n\n<p><\/p>\n\n\n\n<p><\/p>\n\n\n\n<p><\/p>\n\n\n\n<p><\/p>\n\n\n\n<p><\/p>\n","protected":false},"excerpt":{"rendered":"<p>*Verde quiere a Clara Luz de candidata y Nueva Alianza la ve bien *No hay nada a\u00fan, resalta PT David Casas&nbsp; Monterrey &#8211; En Nuevo Le\u00f3n van en coalici\u00f3n Morena, PT, Pvem y Nueva Alianza.&nbsp; Tras registrarse la coalici\u00f3n en la Comisi\u00f3n Estatal Electoral, el diputado Asael Sep\u00falveda, en representaci\u00f3n del Partido del Trabajo dijo [&hellip;]<\/p>\n","protected":false},"author":1,"featured_media":42720,"comment_status":"open","ping_status":"open","sticky":true,"template":"","format":"standard","meta":{"footnotes":""},"categories":[6,3],"tags":[],"_links":{"self":[{"href":"https:\/\/diariodigitalmx.com\/index.php\/wp-json\/wp\/v2\/posts\/42717"}],"collection":[{"href":"https:\/\/diariodigitalmx.com\/index.php\/wp-json\/wp\/v2\/posts"}],"about":[{"href":"https:\/\/diariodigitalmx.com\/index.php\/wp-json\/wp\/v2\/types\/post"}],"author":[{"embeddable":true,"href":"https:\/\/diariodigitalmx.com\/index.php\/wp-json\/wp\/v2\/users\/1"}],"replies":[{"embeddable":true,"href":"https:\/\/diariodigitalmx.com\/index.php\/wp-json\/wp\/v2\/comments?post=42717"}],"version-history":[{"count":2,"href":"https:\/\/diariodigitalmx.com\/index.php\/wp-json\/wp\/v2\/posts\/42717\/revisions"}],"predecessor-version":[{"id":42719,"href":"https:\/\/diariodigitalmx.com\/index.php\/wp-json\/wp\/v2\/posts\/42717\/revisions\/42719"}],"wp:featuredmedia":[{"embeddable":true,"href":"https:\/\/diariodigitalmx.com\/index.php\/wp-json\/wp\/v2\/media\/42720"}],"wp:attachment":[{"href":"https:\/\/diariodigitalmx.com\/index.php\/wp-json\/wp\/v2\/media?parent=42717"}],"wp:term":[{"taxonomy":"category","embeddable":true,"href":"https:\/\/diariodigitalmx.com\/index.php\/wp-json\/wp\/v2\/categories?post=42717"},{"taxonomy":"post_tag","embeddable":true,"href":"https:\/\/diariodigitalmx.com\/index.php\/wp-json\/wp\/v2\/tags?post=42717"}],"curies":[{"name":"wp","href":"https:\/\/api.w.org\/{rel}","templated":true}]}}