{"id":4279,"date":"2019-05-20T05:34:05","date_gmt":"2019-05-20T10:34:05","guid":{"rendered":"http:\/\/diariodigitalmx.com\/?p=4279"},"modified":"2019-05-20T05:34:07","modified_gmt":"2019-05-20T10:34:07","slug":"por-cierto-45","status":"publish","type":"post","link":"https:\/\/diariodigitalmx.com\/index.php\/2019\/05\/20\/por-cierto-45\/","title":{"rendered":"Por cierto&#8230;"},"content":{"rendered":"\n<p>\u00d3scar Tamez Rodr\u00edguez<br>Es pertinente que alguien le diga a AMLO le baje dos rayitas a sus coloquiales expresiones. Eso de colocar las placas con nombres de corruptos y c\u00e1rteles de delincuentes es imposible de hacer, es un tema de derechos humanos, vaya, qu\u00e9 gana exhibi\u00e9ndose de esa forma, es tiempo de tantito treda para la lengua\u2026 Ac\u00e1 en NL, la nota del fin de semana es el triunfo de los tigres frente a unos maltrechos rayados. La final ser\u00e1 entre gatos, mejor dicho felinos. Leones vs. Tigres. \u00bfGana el rey de la selva o el astuto felino rayado?&#8230; El s\u00e1bado la Sociedad de Historia de Nuevo Le\u00f3n premi\u00f3 a estudiosos de la historia, Samuel Temkin revel\u00f3 ah\u00ed dos cosas importantes que deber\u00edan saber nuestros gobernantes regios y legisladores: El fundador de Monterrey es Gaspar Casta\u00f1o de Sosa al fundar la Villa de san Luis por orden de Luis Carvajal y de la Cueva y \u00e9ste \u00faltimo quien funda hace 440 a\u00f1os el Nuevo Reyno de Le\u00f3n. \u00bfNo cree usted que el 31 de mayo se debe hacer fiesta en grande?<br><a rel=\"noreferrer noopener\" href=\"http:\/\/www.estudiospoliticos.mx\/\" target=\"_blank\">www.estudiospoliticos.mx<\/a>@EstudiosMx<a rel=\"noreferrer noopener\" href=\"http:\/\/www.facebook.com\/EstudiosPoliticos.mx\" target=\"_blank\">www.facebook.com\/EstudiosPoliticos.mx<\/a><br><\/p>\n","protected":false},"excerpt":{"rendered":"<p>\u00d3scar Tamez Rodr\u00edguezEs pertinente que alguien le diga a AMLO le baje dos rayitas a sus coloquiales expresiones. Eso de colocar las placas con nombres de corruptos y c\u00e1rteles de delincuentes es imposible de hacer, es un tema de derechos humanos, vaya, qu\u00e9 gana exhibi\u00e9ndose de esa forma, es tiempo de tantito treda para la [&hellip;]<\/p>\n","protected":false},"author":1,"featured_media":3619,"comment_status":"open","ping_status":"open","sticky":false,"template":"","format":"standard","meta":{"footnotes":""},"categories":[12,5],"tags":[],"_links":{"self":[{"href":"https:\/\/diariodigitalmx.com\/index.php\/wp-json\/wp\/v2\/posts\/4279"}],"collection":[{"href":"https:\/\/diariodigitalmx.com\/index.php\/wp-json\/wp\/v2\/posts"}],"about":[{"href":"https:\/\/diariodigitalmx.com\/index.php\/wp-json\/wp\/v2\/types\/post"}],"author":[{"embeddable":true,"href":"https:\/\/diariodigitalmx.com\/index.php\/wp-json\/wp\/v2\/users\/1"}],"replies":[{"embeddable":true,"href":"https:\/\/diariodigitalmx.com\/index.php\/wp-json\/wp\/v2\/comments?post=4279"}],"version-history":[{"count":2,"href":"https:\/\/diariodigitalmx.com\/index.php\/wp-json\/wp\/v2\/posts\/4279\/revisions"}],"predecessor-version":[{"id":4281,"href":"https:\/\/diariodigitalmx.com\/index.php\/wp-json\/wp\/v2\/posts\/4279\/revisions\/4281"}],"wp:featuredmedia":[{"embeddable":true,"href":"https:\/\/diariodigitalmx.com\/index.php\/wp-json\/wp\/v2\/media\/3619"}],"wp:attachment":[{"href":"https:\/\/diariodigitalmx.com\/index.php\/wp-json\/wp\/v2\/media?parent=4279"}],"wp:term":[{"taxonomy":"category","embeddable":true,"href":"https:\/\/diariodigitalmx.com\/index.php\/wp-json\/wp\/v2\/categories?post=4279"},{"taxonomy":"post_tag","embeddable":true,"href":"https:\/\/diariodigitalmx.com\/index.php\/wp-json\/wp\/v2\/tags?post=4279"}],"curies":[{"name":"wp","href":"https:\/\/api.w.org\/{rel}","templated":true}]}}