{"id":4282,"date":"2019-05-20T11:42:25","date_gmt":"2019-05-20T16:42:25","guid":{"rendered":"http:\/\/diariodigitalmx.com\/?p=4282"},"modified":"2019-06-03T13:05:43","modified_gmt":"2019-06-03T18:05:43","slug":"hombre-escala-la-torre-eiffel","status":"publish","type":"post","link":"https:\/\/diariodigitalmx.com\/index.php\/2019\/05\/20\/hombre-escala-la-torre-eiffel\/","title":{"rendered":"Hombre escala la Torre Eiffel"},"content":{"rendered":"\n<p>\n\nLa Sociedad de Explotaci\u00f3n de la Torre Eiffel (SETE) se vio obligada este lunes a evacuar a los turistas presentes en ese monumento y a cerrar sus puertas por la presencia de un hombre que escalaba el edificio, inform\u00f3 a Efe dicha empresa.<\/p>\n\n\n\n<p>Una portavoz de la SETE explic\u00f3 que los trabajadores del monumento, uno de los m\u00e1s visitados del mundo, descubrieron a primera hora de la tarde a un hombre encaramado a la estructura del edificio, lo que les llev\u00f3 a evacuar y cerrar el lugar.<\/p>\n\n\n\n<p>Los bomberos y la Polic\u00eda se desplazaron hasta el lugar, cuyos alrededores han sido tambi\u00e9n cortados al tr\u00e1fico para facilitar la intervenci\u00f3n.<\/p>\n\n\n\n<p>El monumento permanece cerrado hasta nuevo aviso, procedimiento habitual en este tipo de situaciones.\n\n<\/p>\n","protected":false},"excerpt":{"rendered":"<p>La Sociedad de Explotaci\u00f3n de la Torre Eiffel (SETE) se vio obligada este lunes a evacuar a los turistas presentes en ese monumento y a cerrar sus puertas por la presencia de un hombre que escalaba el edificio, inform\u00f3 a Efe dicha empresa. Una portavoz de la SETE explic\u00f3 que los trabajadores del monumento, uno [&hellip;]<\/p>\n","protected":false},"author":1,"featured_media":4284,"comment_status":"open","ping_status":"open","sticky":true,"template":"","format":"standard","meta":{"footnotes":""},"categories":[4,5],"tags":[],"_links":{"self":[{"href":"https:\/\/diariodigitalmx.com\/index.php\/wp-json\/wp\/v2\/posts\/4282"}],"collection":[{"href":"https:\/\/diariodigitalmx.com\/index.php\/wp-json\/wp\/v2\/posts"}],"about":[{"href":"https:\/\/diariodigitalmx.com\/index.php\/wp-json\/wp\/v2\/types\/post"}],"author":[{"embeddable":true,"href":"https:\/\/diariodigitalmx.com\/index.php\/wp-json\/wp\/v2\/users\/1"}],"replies":[{"embeddable":true,"href":"https:\/\/diariodigitalmx.com\/index.php\/wp-json\/wp\/v2\/comments?post=4282"}],"version-history":[{"count":1,"href":"https:\/\/diariodigitalmx.com\/index.php\/wp-json\/wp\/v2\/posts\/4282\/revisions"}],"predecessor-version":[{"id":4283,"href":"https:\/\/diariodigitalmx.com\/index.php\/wp-json\/wp\/v2\/posts\/4282\/revisions\/4283"}],"wp:featuredmedia":[{"embeddable":true,"href":"https:\/\/diariodigitalmx.com\/index.php\/wp-json\/wp\/v2\/media\/4284"}],"wp:attachment":[{"href":"https:\/\/diariodigitalmx.com\/index.php\/wp-json\/wp\/v2\/media?parent=4282"}],"wp:term":[{"taxonomy":"category","embeddable":true,"href":"https:\/\/diariodigitalmx.com\/index.php\/wp-json\/wp\/v2\/categories?post=4282"},{"taxonomy":"post_tag","embeddable":true,"href":"https:\/\/diariodigitalmx.com\/index.php\/wp-json\/wp\/v2\/tags?post=4282"}],"curies":[{"name":"wp","href":"https:\/\/api.w.org\/{rel}","templated":true}]}}