{"id":4308,"date":"2019-05-20T14:45:07","date_gmt":"2019-05-20T19:45:07","guid":{"rendered":"http:\/\/diariodigitalmx.com\/?p=4308"},"modified":"2019-06-03T13:06:14","modified_gmt":"2019-06-03T18:06:14","slug":"dan-en-cadereyta-claquetazo-oficial-del-documental-la-cuna-del-beisbol","status":"publish","type":"post","link":"https:\/\/diariodigitalmx.com\/index.php\/2019\/05\/20\/dan-en-cadereyta-claquetazo-oficial-del-documental-la-cuna-del-beisbol\/","title":{"rendered":"Dan en Cadereyta claquetazo oficial del documental &#8220;La Cuna del B\u00e9isbol&#8221;"},"content":{"rendered":"\n<p><strong>Se dio la presentaci\u00f3n y el claquetazo oficial del documental \u201cLa Cuna del Beisbol\u201d para rescatar 130 a\u00f1os de historia, con la presencia de autoridades municipales, estatales y federales, en Cadereyta Jim\u00e9nez Nuevo Le\u00f3n, en San Juan, donde inici\u00f3 el Beisbol en M\u00e9xico.<\/strong><\/p>\n\n\n\n<p>Por Juany Cuevas.-<\/p>\n\n\n\n<p>El evento tuvo lugar en el parque El Recuerdo, ubicado en San Juan, Cuna del Beisbol en M\u00e9xico, donde en 1889 el Coronel Joseph Andrew Robertson, estadounidense encargado de construir la v\u00eda f\u00e9rrea, celebrando el d\u00eda de la independencia en Estados Unidos, el 4 de julio, llev\u00f3 a cabo el primer juego de beisbol, &nbsp;y es ah\u00ed donde autoridades invitadas y &nbsp;las familias se dieron cita, teniendo como marco la vieja estaci\u00f3n del ferrocarril y el puente que atraviesa el R\u00edo San Juan.<\/p>\n\n\n\n<p>Al evento asistieron como invitados especiales, las diputadas federales Paola Gonz\u00e1lez y Tatiana Clouthier, &nbsp;la diputada local Beatriz de Los Santos, el encargado del Despacho de la Coordinaci\u00f3n Ejecutiva de la Administraci\u00f3n P\u00fablica del Estado,  Waldo Fern\u00e1ndez Gonz\u00e1lez y en representaci\u00f3n del Gobernador del Estado, el director del Instituto Estatal de Cultura F\u00edsica y Deporte,  Jes\u00fas Perales Navarro, as\u00ed como el Alcalde de Cadereyta Ernesto Quintanilla Villarreal. Adem\u00e1s de Carlos Davola, productor de Fantasma Films y David Manllo Valdes, director ejecutivo. Los acompa\u00f1aron tambi\u00e9n Bertha Puga, dirigente de Morena y Oliver Cervantes, nuevo pitcher de Sultanes.<\/p>\n\n\n\n<p>El Alcalde Ernesto Quintanilla, dio la bienvenida a los invitados, al lugar donde se jug\u00f3 el primer partido en el pa\u00eds, al tiempo que felicit\u00f3 a Paola Gonz\u00e1lez, por su labor desempe\u00f1ada como diputada federal. <\/p>\n\n\n\n<p>Por su parte la diputada Paola Gonz\u00e1lez dijo que \u201cTodos y todas hemos visto la magia tan especial que se puede sentir en este recinto, una magia que se vibra, desde que se cruza el arco situado a la entrada de San Juan\u201d y enfatiz\u00f3 que \u201cVamos a construir &nbsp;a San Juan Cadereyta, como la cuna del beisbol y como patrimonio cultural deportivo del estado, que todo M\u00e9xico conozca San Juan, que se hable de nosotros, que coman nuestra comida y que compartan nuestras tradiciones\u201d, al tiempo que record\u00f3 al estadounidense Joseph Andrew Robertson.<\/p>\n\n\n\n<p>Agreg\u00f3 que el documental se presentar\u00e1 en cines de todo el pa\u00eds y en los festivales m\u00e1s importantes, nacionales e internacionales, y que colocar\u00e1 a San Juan Cadereyta en el mapa, a fin de tener derrama tur\u00edstica y desarrollo para el municipio, toda vez que relatar\u00e1 las historias de los jimenenses, se reivindicar\u00e1 a San Juan, como uno de los primeros lugares en que se jug\u00f3 el beisbol en M\u00e9xico.<br><\/p>\n\n\n\n<p>Por su parte el director de Fantasma Films, empresa encargada de hacer el documental, dijo que es un gusto y un honor compartir el inicio de la filmaci\u00f3n, ya que es un proyecto que inici\u00f3 hace 10 meses y que son 130 ma\u00f1os de historia que se quieren rescatar y presentar a trav\u00e9s del cine, para mostrar a Nuevo Le\u00f3n a M\u00e9xico en una historia que pocos conocen, ya que es parte del orgullo hist\u00f3rico, cultural, industrial y deportivo de la entidad.<\/p>\n\n\n\n<p>Agreg\u00f3 que \u201ctodo sucede por algo y estamos aqu\u00ed por cosas del destino, ya que todas las piezas se han ido acomodando y reitero mi emoci\u00f3n, y este documental se nos ha ido presentando poco a poco\u201d<\/p>\n\n\n\n<p>Por su parte el representante del Gobernador mencion\u00f3 que esta actividad en el estado representa pasi\u00f3n y muchas cosas, ya que \u201csiempre que se hace algo importante, o se busca hacer algo importante, se busca un lugar emblem\u00e1tico, porque representa la historia de ese lugar, o representa la historia de esa actividad\u201d<\/p>\n\n\n\n<p> Waldo Fern\u00e1ndez, en su mensaje de clausura, dijo que es un honor estar ah\u00ed con Paola y felicit\u00f3 a los ejecutivos de la empresa ya que dijo: \u201ces heroico en este pa\u00eds hacer cine, es heroico en este pa\u00eds hacer arte, es heroico en este pa\u00eds hacer cultura, ustedes son para m\u00ed unos h\u00e9roes y los felicito por eso\u201d<\/p>\n\n\n\n<p>Mencion\u00f3 que no hay nada m\u00e1s m\u00e1gico que trenes y beisbol, recordando una reuni\u00f3n entre el gobernador del estado y el presidente electo, donde escuch\u00f3 la frase: \u201cse deja de ser joven, cuando se deja de practicar un deporte\u201d, misma donde se habl\u00f3 casi 30 minutos de beisbol y hace un par de d\u00edas, el presidente de la Rep\u00fablica y el gobernador del estado, en un evento hist\u00f3rico para Nuevo Le\u00f3n, firmaron un convenio donde se liberan 200 kil\u00f3metros para hacer un tren el\u00e9ctrico, enfatizando que la magia del beisbol y la magia del deporte termina relacionada en beneficio de todos los ciudadanos.<\/p>\n\n\n\n<p>Finalmente pidi\u00f3 un aplauso para el se\u00f1or Alfredo Harp Hel\u00fa ya que sin ser de Nuevo Le\u00f3n vino a inaugurar el Sal\u00f3n de la Fama, haciendo una gran inversi\u00f3n para ese proyecto, y dejarlo como un gran regalo para el estado y por ello se merece un gran aplauso.<\/p>\n\n\n\n<p>Finamente se procedi\u00f3 a dar el claquetazo oficial de manos de la diputada federal Sandra Paola Gonz\u00e1lez acompa\u00f1ada por los visitantes y habitantes de la localidad de San Juan Cadereyta.<\/p>\n\n\n\n<ul class=\"wp-block-gallery columns-2 is-cropped wp-block-gallery-1 is-layout-flex wp-block-gallery-is-layout-flex\"><li class=\"blocks-gallery-item\"><figure><img loading=\"lazy\" decoding=\"async\" width=\"1024\" height=\"682\" src=\"http:\/\/diariodigitalmx.com\/wp-content\/uploads\/2019\/05\/3db699b7-d3d5-498a-b944-e8e718acc7e3-1024x682.jpg\" alt=\"\" data-id=\"4312\" data-link=\"http:\/\/diariodigitalmx.com\/?attachment_id=4312\" class=\"wp-image-4312\" srcset=\"https:\/\/diariodigitalmx.com\/wp-content\/uploads\/2019\/05\/3db699b7-d3d5-498a-b944-e8e718acc7e3-1024x682.jpg 1024w, https:\/\/diariodigitalmx.com\/wp-content\/uploads\/2019\/05\/3db699b7-d3d5-498a-b944-e8e718acc7e3-300x200.jpg 300w, https:\/\/diariodigitalmx.com\/wp-content\/uploads\/2019\/05\/3db699b7-d3d5-498a-b944-e8e718acc7e3-768x512.jpg 768w, https:\/\/diariodigitalmx.com\/wp-content\/uploads\/2019\/05\/3db699b7-d3d5-498a-b944-e8e718acc7e3.jpg 1280w\" sizes=\"(max-width: 1024px) 100vw, 1024px\" \/><\/figure><\/li><li class=\"blocks-gallery-item\"><figure><img loading=\"lazy\" decoding=\"async\" width=\"1024\" height=\"682\" src=\"http:\/\/diariodigitalmx.com\/wp-content\/uploads\/2019\/05\/5d99ef80-5acd-4c21-99b9-8f69e9b1b14a-1024x682.jpg\" alt=\"\" data-id=\"4313\" data-link=\"http:\/\/diariodigitalmx.com\/?attachment_id=4313\" class=\"wp-image-4313\" srcset=\"https:\/\/diariodigitalmx.com\/wp-content\/uploads\/2019\/05\/5d99ef80-5acd-4c21-99b9-8f69e9b1b14a-1024x682.jpg 1024w, https:\/\/diariodigitalmx.com\/wp-content\/uploads\/2019\/05\/5d99ef80-5acd-4c21-99b9-8f69e9b1b14a-300x200.jpg 300w, https:\/\/diariodigitalmx.com\/wp-content\/uploads\/2019\/05\/5d99ef80-5acd-4c21-99b9-8f69e9b1b14a-768x512.jpg 768w, https:\/\/diariodigitalmx.com\/wp-content\/uploads\/2019\/05\/5d99ef80-5acd-4c21-99b9-8f69e9b1b14a.jpg 1280w\" sizes=\"(max-width: 1024px) 100vw, 1024px\" \/><\/figure><\/li><\/ul>\n","protected":false},"excerpt":{"rendered":"<p>Se dio la presentaci\u00f3n y el claquetazo oficial del documental \u201cLa Cuna del Beisbol\u201d para rescatar 130 a\u00f1os de historia, con la presencia de autoridades municipales, estatales y federales, en Cadereyta Jim\u00e9nez Nuevo Le\u00f3n, en San Juan, donde inici\u00f3 el Beisbol en M\u00e9xico. Por Juany Cuevas.- El evento tuvo lugar en el parque El Recuerdo, [&hellip;]<\/p>\n","protected":false},"author":1,"featured_media":4311,"comment_status":"open","ping_status":"open","sticky":true,"template":"","format":"standard","meta":{"footnotes":""},"categories":[8,3],"tags":[],"_links":{"self":[{"href":"https:\/\/diariodigitalmx.com\/index.php\/wp-json\/wp\/v2\/posts\/4308"}],"collection":[{"href":"https:\/\/diariodigitalmx.com\/index.php\/wp-json\/wp\/v2\/posts"}],"about":[{"href":"https:\/\/diariodigitalmx.com\/index.php\/wp-json\/wp\/v2\/types\/post"}],"author":[{"embeddable":true,"href":"https:\/\/diariodigitalmx.com\/index.php\/wp-json\/wp\/v2\/users\/1"}],"replies":[{"embeddable":true,"href":"https:\/\/diariodigitalmx.com\/index.php\/wp-json\/wp\/v2\/comments?post=4308"}],"version-history":[{"count":5,"href":"https:\/\/diariodigitalmx.com\/index.php\/wp-json\/wp\/v2\/posts\/4308\/revisions"}],"predecessor-version":[{"id":4316,"href":"https:\/\/diariodigitalmx.com\/index.php\/wp-json\/wp\/v2\/posts\/4308\/revisions\/4316"}],"wp:featuredmedia":[{"embeddable":true,"href":"https:\/\/diariodigitalmx.com\/index.php\/wp-json\/wp\/v2\/media\/4311"}],"wp:attachment":[{"href":"https:\/\/diariodigitalmx.com\/index.php\/wp-json\/wp\/v2\/media?parent=4308"}],"wp:term":[{"taxonomy":"category","embeddable":true,"href":"https:\/\/diariodigitalmx.com\/index.php\/wp-json\/wp\/v2\/categories?post=4308"},{"taxonomy":"post_tag","embeddable":true,"href":"https:\/\/diariodigitalmx.com\/index.php\/wp-json\/wp\/v2\/tags?post=4308"}],"curies":[{"name":"wp","href":"https:\/\/api.w.org\/{rel}","templated":true}]}}