{"id":43495,"date":"2020-11-29T22:42:26","date_gmt":"2020-11-30T04:42:26","guid":{"rendered":"http:\/\/diariodigitalmx.com\/?p=43495"},"modified":"2020-11-29T22:53:40","modified_gmt":"2020-11-30T04:53:40","slug":"43495","status":"publish","type":"post","link":"https:\/\/diariodigitalmx.com\/index.php\/2020\/11\/29\/43495\/","title":{"rendered":"Clausura Apodaca consulta p\u00fablica sobre Atlas de Riesgos"},"content":{"rendered":"\n<p>&nbsp; &nbsp;Con una importante participaci\u00f3n de especialistas, ciudadanos, &nbsp;universidades y organizaciones civiles, el Gobierno de Apodaca clausur\u00f3 la consulta P\u00fablica del Atlas de Riesgos Municipales.<\/p>\n\n\n\n<p>H\u00e9ctor Morales Rivera, Secretario del Ayuntamiento, destac\u00f3 que &nbsp;se contar\u00e1 con un documento con las estrategias para prevenir y dar soluciones ante cualquier embate de fen\u00f3menos naturales y mantener un saldo blanco, adem\u00e1s de tener un mejor desarrollo urbano.<\/p>\n\n\n\n<p>Morales Rivera, destac\u00f3 que con la consulta p\u00fablica se est\u00e1n implementando acciones preventivas y de soluci\u00f3n a estos problemas, pero tambi\u00e9n se da cumplimiento a la ley al armonizar a la ciudad con los Atlas de riesgo tanto Estatal como Nacional y acordes a la Ley de Asentamientos Humanos.<\/p>\n\n\n\n<p>La consulta arranc\u00f3 el pasado 26 de agosto y culmin\u00f3 el 25 de noviembre, adem\u00e1s de la reuni\u00f3n del comit\u00e9 de contingencias el 2 de septiembre.<\/p>\n\n\n\n<figure class=\"wp-block-image\"><img loading=\"lazy\" decoding=\"async\" width=\"1024\" height=\"682\" src=\"http:\/\/diariodigitalmx.com\/wp-content\/uploads\/2020\/11\/WhatsApp-Image-2020-11-29-at-1.56.44-PM-1024x682.jpeg\" alt=\"\" class=\"wp-image-43500\" srcset=\"https:\/\/diariodigitalmx.com\/wp-content\/uploads\/2020\/11\/WhatsApp-Image-2020-11-29-at-1.56.44-PM-1024x682.jpeg 1024w, https:\/\/diariodigitalmx.com\/wp-content\/uploads\/2020\/11\/WhatsApp-Image-2020-11-29-at-1.56.44-PM-300x200.jpeg 300w, https:\/\/diariodigitalmx.com\/wp-content\/uploads\/2020\/11\/WhatsApp-Image-2020-11-29-at-1.56.44-PM-768x512.jpeg 768w, https:\/\/diariodigitalmx.com\/wp-content\/uploads\/2020\/11\/WhatsApp-Image-2020-11-29-at-1.56.44-PM.jpeg 1280w\" sizes=\"(max-width: 1024px) 100vw, 1024px\" \/><\/figure>\n\n\n\n<p>\u201cSe recibieron observaciones del CENAPRED &nbsp;que contienen planteamientos para cumplir con los lineamientos b\u00e1sicos de SEDATU y dicha dependencia, as\u00ed como de empresas respecto a escurrimientos y puntos de inundaci\u00f3n. Ahora inicia la etapa de revisi\u00f3n y an\u00e1lisis de las observaciones que recibimos\u201d.<\/p>\n\n\n\n<p>\u201cA m\u00e1s tardar en enero presentaremos a Cabildo el Atlas de riesgo una vez revisado por la Secretar\u00eda de Desarrollo Sustentable estatal. La prioridad de las autoridades es garantizar la integridad f\u00edsica, personal y patrimonial de los ciudadanos\u201d, expres\u00f3 el Secretario del Ayuntamiento H\u00e9ctor Morales Rivera.<\/p>\n\n\n\n<figure class=\"wp-block-image\"><img loading=\"lazy\" decoding=\"async\" width=\"1024\" height=\"682\" src=\"http:\/\/diariodigitalmx.com\/wp-content\/uploads\/2020\/11\/WhatsApp-Image-2020-11-29-at-1.56.44-PM-1-1024x682.jpeg\" alt=\"\" class=\"wp-image-43502\" srcset=\"https:\/\/diariodigitalmx.com\/wp-content\/uploads\/2020\/11\/WhatsApp-Image-2020-11-29-at-1.56.44-PM-1-1024x682.jpeg 1024w, https:\/\/diariodigitalmx.com\/wp-content\/uploads\/2020\/11\/WhatsApp-Image-2020-11-29-at-1.56.44-PM-1-300x200.jpeg 300w, https:\/\/diariodigitalmx.com\/wp-content\/uploads\/2020\/11\/WhatsApp-Image-2020-11-29-at-1.56.44-PM-1-768x512.jpeg 768w, https:\/\/diariodigitalmx.com\/wp-content\/uploads\/2020\/11\/WhatsApp-Image-2020-11-29-at-1.56.44-PM-1.jpeg 1280w\" sizes=\"(max-width: 1024px) 100vw, 1024px\" \/><\/figure>\n\n\n\n<p>La consulta p\u00fablica del Atlas de Riesgo Municipal se podr\u00e1 saber d\u00f3nde existen los riesgos para as\u00ed poder salvar vidas y el patrimonio de los ciudadanos.<\/p>\n\n\n\n<p>Adem\u00e1s, ayudar\u00e1 a saber d\u00f3nde aplicar obras de prevenci\u00f3n, mitigaci\u00f3n y la aplicaci\u00f3n de los recursos econ\u00f3micos de manera eficiente, al contemplar al menos nueve obras de mitigaci\u00f3n.<\/p>\n\n\n\n<p>Tras la clausura de la consulta p\u00fablica, el Atlas de Riesgo Municipal de Apodaca ser\u00e1 sometido a observaciones por parte del Centro Nacional de Prevenci\u00f3n de Desastres (CENAPRED) para su posterior publicaci\u00f3n y anexi\u00f3n al Atlas de Riesgo Nacional.<\/p>\n","protected":false},"excerpt":{"rendered":"<p>&nbsp; &nbsp;Con una importante participaci\u00f3n de especialistas, ciudadanos, &nbsp;universidades y organizaciones civiles, el Gobierno de Apodaca clausur\u00f3 la consulta P\u00fablica del Atlas de Riesgos Municipales. H\u00e9ctor Morales Rivera, Secretario del Ayuntamiento, destac\u00f3 que &nbsp;se contar\u00e1 con un documento con las estrategias para prevenir y dar soluciones ante cualquier embate de fen\u00f3menos naturales y mantener un [&hellip;]<\/p>\n","protected":false},"author":1,"featured_media":43499,"comment_status":"open","ping_status":"open","sticky":true,"template":"","format":"standard","meta":{"footnotes":""},"categories":[6,5],"tags":[],"_links":{"self":[{"href":"https:\/\/diariodigitalmx.com\/index.php\/wp-json\/wp\/v2\/posts\/43495"}],"collection":[{"href":"https:\/\/diariodigitalmx.com\/index.php\/wp-json\/wp\/v2\/posts"}],"about":[{"href":"https:\/\/diariodigitalmx.com\/index.php\/wp-json\/wp\/v2\/types\/post"}],"author":[{"embeddable":true,"href":"https:\/\/diariodigitalmx.com\/index.php\/wp-json\/wp\/v2\/users\/1"}],"replies":[{"embeddable":true,"href":"https:\/\/diariodigitalmx.com\/index.php\/wp-json\/wp\/v2\/comments?post=43495"}],"version-history":[{"count":5,"href":"https:\/\/diariodigitalmx.com\/index.php\/wp-json\/wp\/v2\/posts\/43495\/revisions"}],"predecessor-version":[{"id":43504,"href":"https:\/\/diariodigitalmx.com\/index.php\/wp-json\/wp\/v2\/posts\/43495\/revisions\/43504"}],"wp:featuredmedia":[{"embeddable":true,"href":"https:\/\/diariodigitalmx.com\/index.php\/wp-json\/wp\/v2\/media\/43499"}],"wp:attachment":[{"href":"https:\/\/diariodigitalmx.com\/index.php\/wp-json\/wp\/v2\/media?parent=43495"}],"wp:term":[{"taxonomy":"category","embeddable":true,"href":"https:\/\/diariodigitalmx.com\/index.php\/wp-json\/wp\/v2\/categories?post=43495"},{"taxonomy":"post_tag","embeddable":true,"href":"https:\/\/diariodigitalmx.com\/index.php\/wp-json\/wp\/v2\/tags?post=43495"}],"curies":[{"name":"wp","href":"https:\/\/api.w.org\/{rel}","templated":true}]}}