{"id":4351,"date":"2019-05-20T19:44:26","date_gmt":"2019-05-21T00:44:26","guid":{"rendered":"http:\/\/diariodigitalmx.com\/?p=4351"},"modified":"2019-05-20T19:44:26","modified_gmt":"2019-05-21T00:44:26","slug":"suben-tarifas-camioneros-y-son-demandados-penalmente","status":"publish","type":"post","link":"https:\/\/diariodigitalmx.com\/index.php\/2019\/05\/20\/suben-tarifas-camioneros-y-son-demandados-penalmente\/","title":{"rendered":"Suben tarifas camioneros y son demandados penalmente"},"content":{"rendered":"\n<p>*No nos van a ver a sus pies, dice V\u00edctor Fuentes<\/p>\n\n\n\n<p>David Casas<br><\/p>\n\n\n\n<p>Monterrey, N. L- Los empresarios camioneros que elevaron sin autorizaci\u00f3n las tarifas del transporte urbano, fueron demandados penalmente por el presunto delito de fraude a los usuarios.<br><\/p>\n\n\n\n<p>Unidos, el &nbsp;senador V\u00edctor Fuentes y Roc\u00edo Montalvo, dirigente de \u00danete Pueblo, presentaron una denuncia<\/p>\n\n\n\n<p>acompa\u00f1ados del abogado penalista Mauricio Castillo.<\/p>\n\n\n\n<p>en las oficinas de la Fiscal\u00eda General de Justicia.<br><\/p>\n\n\n\n<p>En la querella se se\u00f1ala a las empresas transportistas de violentar la Ley del Transporte para la Movilidad Sustentable del Estado de Nuevo Le\u00f3n.<br><\/p>\n\n\n\n<p>Los concesionarios estar\u00edan cometiendo el delito de fraude en contra de los usuarios del transporte urbano, dijo el senador Fuentes.<br><\/p>\n\n\n\n<p>Diversa rutas, se\u00f1ala el escrito, aumentaron la tarifa entre 2 y 3 pesos y cobraron 14 y 15 pesos, pese a que el Consejo Estatal del Transporte y Vialidad rechaz\u00f3 el alza.<br><\/p>\n\n\n\n<p>En la denuncia se menciona a rutas como la 104, 109, 160, 161, 90, 104, 111, 155, 160, 51,138, 400 y 151, que operan en los municipios de Santa Catarina, Garc\u00eda, Ci\u00e9nega de Flores, Zuazua y Pesquer\u00eda.<br><\/p>\n\n\n\n<p>&#8220;Si estos se\u00f1ores, los due\u00f1os de los camiones, quienes tienen actualmente la concesi\u00f3n, creen, piensan, se imaginan que nos van a ver a sus pies, est\u00e1n muy equivocados. Nuevo Le\u00f3n y su poblaci\u00f3n es m\u00e1s grande que ellos, y lamentablemente hemos tenido un Gobierno del Estado tibio\u201d argumento el legislador.<br><\/p>\n\n\n\n<p>&#8220;Lo que est\u00e1n generando los due\u00f1os de los camiones y lo que est\u00e1n permitiendo los funcionarios del Gobierno del Estado, ambos est\u00e1n cayendo en un delito, el primero en el delito de fraude, est\u00e1n enga\u00f1ando a la gente al cobrar m\u00e1s que lo permitido por la autoridad, y los segundos est\u00e1n cometiendo abuso de autoridad, al ser omiso al actuar&#8221;.<br><\/p>\n\n\n\n<p>Tras la denuncia de usuarios de que algunos siguen con el alza ilegal &nbsp;Fuentes expone que lo que est\u00e1 sucediendo, y el paro del transporte por dos horas, muestra no s\u00f3lo tibieza del Gobierno estatal, sino negligencia.<br><\/p>\n\n\n\n<p>Dijeron los denunciantes &nbsp;que estar\u00e1n vigilantes de que la Fiscal\u00eda ponga atenci\u00f3n a la denuncia, de lo contrario la se\u00f1alar\u00e1.<br><\/p>\n\n\n\n<p>Con esta denuncia, se pondr\u00e1 a prueba la autonom\u00eda de la Fiscal\u00eda para cumplir con esta investigaci\u00f3n, a\u00f1adi\u00f3 el senador.<\/p>\n","protected":false},"excerpt":{"rendered":"<p>*No nos van a ver a sus pies, dice V\u00edctor Fuentes David Casas Monterrey, N. L- Los empresarios camioneros que elevaron sin autorizaci\u00f3n las tarifas del transporte urbano, fueron demandados penalmente por el presunto delito de fraude a los usuarios. Unidos, el &nbsp;senador V\u00edctor Fuentes y Roc\u00edo Montalvo, dirigente de \u00danete Pueblo, presentaron una denuncia [&hellip;]<\/p>\n","protected":false},"author":1,"featured_media":4353,"comment_status":"open","ping_status":"open","sticky":false,"template":"","format":"standard","meta":{"footnotes":""},"categories":[6,3],"tags":[],"_links":{"self":[{"href":"https:\/\/diariodigitalmx.com\/index.php\/wp-json\/wp\/v2\/posts\/4351"}],"collection":[{"href":"https:\/\/diariodigitalmx.com\/index.php\/wp-json\/wp\/v2\/posts"}],"about":[{"href":"https:\/\/diariodigitalmx.com\/index.php\/wp-json\/wp\/v2\/types\/post"}],"author":[{"embeddable":true,"href":"https:\/\/diariodigitalmx.com\/index.php\/wp-json\/wp\/v2\/users\/1"}],"replies":[{"embeddable":true,"href":"https:\/\/diariodigitalmx.com\/index.php\/wp-json\/wp\/v2\/comments?post=4351"}],"version-history":[{"count":2,"href":"https:\/\/diariodigitalmx.com\/index.php\/wp-json\/wp\/v2\/posts\/4351\/revisions"}],"predecessor-version":[{"id":4354,"href":"https:\/\/diariodigitalmx.com\/index.php\/wp-json\/wp\/v2\/posts\/4351\/revisions\/4354"}],"wp:featuredmedia":[{"embeddable":true,"href":"https:\/\/diariodigitalmx.com\/index.php\/wp-json\/wp\/v2\/media\/4353"}],"wp:attachment":[{"href":"https:\/\/diariodigitalmx.com\/index.php\/wp-json\/wp\/v2\/media?parent=4351"}],"wp:term":[{"taxonomy":"category","embeddable":true,"href":"https:\/\/diariodigitalmx.com\/index.php\/wp-json\/wp\/v2\/categories?post=4351"},{"taxonomy":"post_tag","embeddable":true,"href":"https:\/\/diariodigitalmx.com\/index.php\/wp-json\/wp\/v2\/tags?post=4351"}],"curies":[{"name":"wp","href":"https:\/\/api.w.org\/{rel}","templated":true}]}}