{"id":4403,"date":"2019-05-21T13:19:37","date_gmt":"2019-05-21T18:19:37","guid":{"rendered":"http:\/\/diariodigitalmx.com\/?p=4403"},"modified":"2019-05-21T13:19:38","modified_gmt":"2019-05-21T18:19:38","slug":"asume-funciones-sindicales-hijo-de-ramon-serna","status":"publish","type":"post","link":"https:\/\/diariodigitalmx.com\/index.php\/2019\/05\/21\/asume-funciones-sindicales-hijo-de-ramon-serna\/","title":{"rendered":"Asume funciones sindicales hijo de Ram\u00f3n Serna"},"content":{"rendered":"\n<p>Pedro Garc\u00eda Trevi\u00f1o<\/p>\n\n\n\n<p>En una ceremonia de reconocimiento a obreros por puntualidad y asistencia, el joven Agust\u00edn Serna Cisneros asumi\u00f3 el cargo de secretario general del sindicato de trabajadores de la empresa Dise\u00f1o de M\u00e1quinas (DIMISA), en relevo de su padre, el licenciado Ram\u00f3n Serna, recientemente fallecido.<\/p>\n\n\n\n<p>El director general de DIMISA, ingeniero Eustorgio Cant\u00fa Monsiv\u00e1is reafirm\u00f3 las relaciones de la compa\u00f1\u00eda con el sindicato que durante m\u00e1s de 30 a\u00f1os lider\u00f3 Ram\u00f3n Serna quien tuvo en Agust\u00edn uno de sus cercanos colaboradores en la gesti\u00f3n gremial y social.<\/p>\n\n\n\n<p>Serna Cisneros lidera tambi\u00e9n la Federaci\u00f3n \u201cAgust\u00edn Serna Mendoza\u201d y de inmediato sostuvo encuentros con las distintas ramas de la representaci\u00f3n gremial como el de taxistas, lo cual ocurri\u00f3 en la CROC.<\/p>\n\n\n\n<p>Este lunes, Serna Cisneros entreg\u00f3, en compa\u00f1\u00eda de los directivos de la compa\u00f1\u00eda, diplomas de reconocimiento a veinticinco trabajadores que sobresalieron por su R\u00e9cord Perfecto en puntualidad y asistencia durante el \u00faltimo a\u00f1o.<\/p>\n\n\n\n<p>El director general de DIMISA resalt\u00f3 que la distinci\u00f3n a trabajadores con R\u00e9cord Perfecto se ha convertido en una tradici\u00f3n en la larga relaci\u00f3n con el sindicato y record\u00f3 que esa ceremonia anual era muy apreciada por el licenciado Ram\u00f3n Serna Serv\u00edn.<\/p>\n\n\n\n<p>En DIMISA, agreg\u00f3, sentimos mucha tristeza por la partida del licenciado Ram\u00f3n y, en homenaje a \u00e9l, vamos a sostener esta ceremonia ahora con el nuevo secretario general, Agust\u00edn Serna Cisneros.<\/p>\n\n\n\n<p>Entre los obreros que fueron reconocidos por su constancia, hubo algunos que destacaron por el hecho de que ha mantenido el R\u00e9cord Perfecto durante tres, cuatro, cinco, seis y hasta nueve a\u00f1os.<\/p>\n\n\n\n<ul class=\"wp-block-gallery columns-2 is-cropped wp-block-gallery-1 is-layout-flex wp-block-gallery-is-layout-flex\"><li class=\"blocks-gallery-item\"><figure><img loading=\"lazy\" decoding=\"async\" width=\"960\" height=\"720\" src=\"http:\/\/diariodigitalmx.com\/wp-content\/uploads\/2019\/05\/60459999_10157381424331457_526667843526197248_n.jpg\" alt=\"\" data-id=\"4407\" data-link=\"http:\/\/diariodigitalmx.com\/?attachment_id=4407\" class=\"wp-image-4407\" srcset=\"https:\/\/diariodigitalmx.com\/wp-content\/uploads\/2019\/05\/60459999_10157381424331457_526667843526197248_n.jpg 960w, https:\/\/diariodigitalmx.com\/wp-content\/uploads\/2019\/05\/60459999_10157381424331457_526667843526197248_n-300x225.jpg 300w, https:\/\/diariodigitalmx.com\/wp-content\/uploads\/2019\/05\/60459999_10157381424331457_526667843526197248_n-768x576.jpg 768w\" sizes=\"(max-width: 960px) 100vw, 960px\" \/><\/figure><\/li><li class=\"blocks-gallery-item\"><figure><img loading=\"lazy\" decoding=\"async\" width=\"960\" height=\"720\" src=\"http:\/\/diariodigitalmx.com\/wp-content\/uploads\/2019\/05\/60683658_10157381424626457_4809575584323600384_n.jpg\" alt=\"\" data-id=\"4408\" data-link=\"http:\/\/diariodigitalmx.com\/?attachment_id=4408\" class=\"wp-image-4408\" srcset=\"https:\/\/diariodigitalmx.com\/wp-content\/uploads\/2019\/05\/60683658_10157381424626457_4809575584323600384_n.jpg 960w, https:\/\/diariodigitalmx.com\/wp-content\/uploads\/2019\/05\/60683658_10157381424626457_4809575584323600384_n-300x225.jpg 300w, https:\/\/diariodigitalmx.com\/wp-content\/uploads\/2019\/05\/60683658_10157381424626457_4809575584323600384_n-768x576.jpg 768w\" sizes=\"(max-width: 960px) 100vw, 960px\" \/><\/figure><\/li><\/ul>\n","protected":false},"excerpt":{"rendered":"<p>Pedro Garc\u00eda Trevi\u00f1o En una ceremonia de reconocimiento a obreros por puntualidad y asistencia, el joven Agust\u00edn Serna Cisneros asumi\u00f3 el cargo de secretario general del sindicato de trabajadores de la empresa Dise\u00f1o de M\u00e1quinas (DIMISA), en relevo de su padre, el licenciado Ram\u00f3n Serna, recientemente fallecido. El director general de DIMISA, ingeniero Eustorgio Cant\u00fa [&hellip;]<\/p>\n","protected":false},"author":1,"featured_media":4406,"comment_status":"open","ping_status":"open","sticky":false,"template":"","format":"standard","meta":{"footnotes":""},"categories":[6],"tags":[],"_links":{"self":[{"href":"https:\/\/diariodigitalmx.com\/index.php\/wp-json\/wp\/v2\/posts\/4403"}],"collection":[{"href":"https:\/\/diariodigitalmx.com\/index.php\/wp-json\/wp\/v2\/posts"}],"about":[{"href":"https:\/\/diariodigitalmx.com\/index.php\/wp-json\/wp\/v2\/types\/post"}],"author":[{"embeddable":true,"href":"https:\/\/diariodigitalmx.com\/index.php\/wp-json\/wp\/v2\/users\/1"}],"replies":[{"embeddable":true,"href":"https:\/\/diariodigitalmx.com\/index.php\/wp-json\/wp\/v2\/comments?post=4403"}],"version-history":[{"count":3,"href":"https:\/\/diariodigitalmx.com\/index.php\/wp-json\/wp\/v2\/posts\/4403\/revisions"}],"predecessor-version":[{"id":4409,"href":"https:\/\/diariodigitalmx.com\/index.php\/wp-json\/wp\/v2\/posts\/4403\/revisions\/4409"}],"wp:featuredmedia":[{"embeddable":true,"href":"https:\/\/diariodigitalmx.com\/index.php\/wp-json\/wp\/v2\/media\/4406"}],"wp:attachment":[{"href":"https:\/\/diariodigitalmx.com\/index.php\/wp-json\/wp\/v2\/media?parent=4403"}],"wp:term":[{"taxonomy":"category","embeddable":true,"href":"https:\/\/diariodigitalmx.com\/index.php\/wp-json\/wp\/v2\/categories?post=4403"},{"taxonomy":"post_tag","embeddable":true,"href":"https:\/\/diariodigitalmx.com\/index.php\/wp-json\/wp\/v2\/tags?post=4403"}],"curies":[{"name":"wp","href":"https:\/\/api.w.org\/{rel}","templated":true}]}}