{"id":44222,"date":"2020-12-06T13:37:29","date_gmt":"2020-12-06T19:37:29","guid":{"rendered":"http:\/\/diariodigitalmx.com\/?p=44222"},"modified":"2020-12-06T13:38:57","modified_gmt":"2020-12-06T19:38:57","slug":"fallece-el-ex-presidente-de-uruguay-tabare-vazquez","status":"publish","type":"post","link":"https:\/\/diariodigitalmx.com\/index.php\/2020\/12\/06\/fallece-el-ex-presidente-de-uruguay-tabare-vazquez\/","title":{"rendered":"Fallece el ex presidente de Uruguay, Tabar\u00e9 V\u00e1zquez"},"content":{"rendered":"\n<p>El expresidente uruguayo Tabar\u00e9 V\u00e1zquez falleci\u00f3 en la madrugada de este domingo en Montevideo a los 80 a\u00f1os, aquejado de un c\u00e1ncer de pulm\u00f3n que lo afectaba desde que ejerc\u00eda el poder en 2019, inform\u00f3 su familia por redes sociales.<\/p>\n\n\n\n<p>Figura prominente de la izquierda en la regi\u00f3n, V\u00e1zquez fue el primer presidente por la coalici\u00f3n de izquierda Frente Amplio (FA) y uno de los tres pol\u00edticos uruguayos que ocup\u00f3 el sill\u00f3n presidencial en dos ocasiones (2005-2010 y 2015-2020).<\/p>\n\n\n\n\n\n\n\n\n\n<p>&#8220;Hoy, a la hora 3.00, mientras descansaba en su hogar, acompa\u00f1ado de algunos familiares y amigos, por causa de su enfermedad, falleci\u00f3 Tabar\u00e9. En nombre de la familia, queremos agradecer a todos los uruguayos el cari\u00f1o recibido por \u00e9l a lo largo de tantos a\u00f1os&#8221;, tuite\u00f3 su hijo \u00c1lvaro.<\/p>\n\n\n\n<p>El exmandatario nacido el 17 de enero de 1940, transit\u00f3 por oficios tan dis\u00edmiles como carpintero, almacenero y hasta vendedor de diarios mientras estudiaba medicina. Tabar\u00e9 ingres\u00f3 a la militancia pol\u00edtica reci\u00e9n a sus 43 a\u00f1os.<\/p>\n\n\n\n<p>El actual mandatario uruguayo, Luis Lacalle Pou, se refiri\u00f3 en sus redes sociales al expresidente como alguien que &#8220;sirvi\u00f3 a su pa\u00eds y en base al esfuerzo obtuvo logros importantes. Fue el presidente de los uruguayos. El pa\u00eds est\u00e1 de duelo. QEPD Presidente Tabar\u00e9 V\u00e1zquez&#8221;.<\/p>\n","protected":false},"excerpt":{"rendered":"<p>El expresidente uruguayo Tabar\u00e9 V\u00e1zquez falleci\u00f3 en la madrugada de este domingo en Montevideo a los 80 a\u00f1os, aquejado de un c\u00e1ncer de pulm\u00f3n que lo afectaba desde que ejerc\u00eda el poder en 2019, inform\u00f3 su familia por redes sociales. Figura prominente de la izquierda en la regi\u00f3n, V\u00e1zquez fue el primer presidente por la [&hellip;]<\/p>\n","protected":false},"author":1,"featured_media":44225,"comment_status":"open","ping_status":"open","sticky":true,"template":"","format":"standard","meta":{"footnotes":""},"categories":[4,5],"tags":[],"_links":{"self":[{"href":"https:\/\/diariodigitalmx.com\/index.php\/wp-json\/wp\/v2\/posts\/44222"}],"collection":[{"href":"https:\/\/diariodigitalmx.com\/index.php\/wp-json\/wp\/v2\/posts"}],"about":[{"href":"https:\/\/diariodigitalmx.com\/index.php\/wp-json\/wp\/v2\/types\/post"}],"author":[{"embeddable":true,"href":"https:\/\/diariodigitalmx.com\/index.php\/wp-json\/wp\/v2\/users\/1"}],"replies":[{"embeddable":true,"href":"https:\/\/diariodigitalmx.com\/index.php\/wp-json\/wp\/v2\/comments?post=44222"}],"version-history":[{"count":2,"href":"https:\/\/diariodigitalmx.com\/index.php\/wp-json\/wp\/v2\/posts\/44222\/revisions"}],"predecessor-version":[{"id":44226,"href":"https:\/\/diariodigitalmx.com\/index.php\/wp-json\/wp\/v2\/posts\/44222\/revisions\/44226"}],"wp:featuredmedia":[{"embeddable":true,"href":"https:\/\/diariodigitalmx.com\/index.php\/wp-json\/wp\/v2\/media\/44225"}],"wp:attachment":[{"href":"https:\/\/diariodigitalmx.com\/index.php\/wp-json\/wp\/v2\/media?parent=44222"}],"wp:term":[{"taxonomy":"category","embeddable":true,"href":"https:\/\/diariodigitalmx.com\/index.php\/wp-json\/wp\/v2\/categories?post=44222"},{"taxonomy":"post_tag","embeddable":true,"href":"https:\/\/diariodigitalmx.com\/index.php\/wp-json\/wp\/v2\/tags?post=44222"}],"curies":[{"name":"wp","href":"https:\/\/api.w.org\/{rel}","templated":true}]}}