{"id":44227,"date":"2020-12-06T14:06:50","date_gmt":"2020-12-06T20:06:50","guid":{"rendered":"http:\/\/diariodigitalmx.com\/?p=44227"},"modified":"2020-12-06T14:08:20","modified_gmt":"2020-12-06T20:08:20","slug":"44227","status":"publish","type":"post","link":"https:\/\/diariodigitalmx.com\/index.php\/2020\/12\/06\/44227\/","title":{"rendered":"Celebrar a Guadalupana desde casa y no cesar ayuda social, pide Arzobispo de Monterrey"},"content":{"rendered":"\n<p><br><\/p>\n\n\n\n<p>Monterrey &#8211; Cerrada la Bas\u00edlica de Guadalupe por la pandemia,&nbsp;el arzobispo de Monterrey Rogelio Cabrera pidi\u00f3 a los fieles celebrar a la Guadalupana desde su casa, pero tambi\u00e9n, solicita no se detenga la ayuda al pr\u00f3jimo a trav\u00e9s de la organizaci\u00f3n Caritas.&nbsp;<br><\/p>\n\n\n\n<p>&#8220;Me da mucha pena no poder celebrar de modo amplio como nos gusta a los mexicanos, las fiestas de la virgen Mar\u00eda, de la Navidad, est\u00e1 muy cerca la fiesta de la Inmaculada Concepci\u00f3n, patrona de nuestra catedral; est\u00e1 muy cerca la fiesta de la Virgen de Guadalupe, fiestas que tocan nuestro coraz\u00f3n, pero que en estas circunstancias de pandemia no podemos celebrarlas como nosotros quisi\u00e9ramos&#8221;, coment\u00f3 en su mensaje dominical, ahora por redes sociales.&nbsp;<br><\/p>\n\n\n\n<p>&#8220;Quiero pedirles a todos que esta pandemia, no sea un obst\u00e1culo para visitar a la Virgen Mar\u00eda, al contrario, cuando hay una crisis, el coraz\u00f3n debe ensancharse m\u00e1s. Nuestra Bas\u00edlica de Guadalupe, aunque tiene puertas cerradas siempre tiene una comunicaci\u00f3n virtual, pueden ustedes acceder a trav\u00e9s de nuestras redes sociales, y tener una imagen en tiempo real. Yo les invito a visitar de modo virtual y real a la Virgen Mar\u00eda&#8221;.&nbsp;<br><\/p>\n\n\n\n<p>Lamenta el Arzobispo que ante la pandemia por covid no se pueda celebrar a la Virgen de Guadalupe del modo amplio acostumbrado, pero invit\u00f3 a los fieles a celebrarla desde sus casas y adelant\u00f3 que celebrar\u00e1 una misa virtual el pr\u00f3ximo 11 de diciembre a las 23:00 horas en la Bas\u00edlica de Guadalupe.<br><\/p>\n\n\n\n<p>Cabrera L\u00f3pez dice que en tiempo de pandemia, la caridad no ha cesado en el estado, pues C\u00e1ritas Monterrey se ha mantenido abierto ayudando a quienes lo requieren, por lo que pidi\u00f3 a la comunidad continuar el apoyo que les dan.<br><\/p>\n\n\n\n<p>&#8220;C\u00e1ritas nunca ha cerrado, los grupos de ayuda de las parroquias han seguido en su trabajo de compartir, eso me da mucha esperanza y agradezco mucho al pueblo que sirve, que ayuda, pero tengo que animarlos a seguir adelante. No sabemos cu\u00e1ndo terminar\u00e1 esta crisis&#8221; agreg\u00f3.&nbsp;<\/p>\n\n\n\n<p><\/p>\n","protected":false},"excerpt":{"rendered":"<p>Monterrey &#8211; Cerrada la Bas\u00edlica de Guadalupe por la pandemia,&nbsp;el arzobispo de Monterrey Rogelio Cabrera pidi\u00f3 a los fieles celebrar a la Guadalupana desde su casa, pero tambi\u00e9n, solicita no se detenga la ayuda al pr\u00f3jimo a trav\u00e9s de la organizaci\u00f3n Caritas.&nbsp; &#8220;Me da mucha pena no poder celebrar de modo amplio como nos gusta [&hellip;]<\/p>\n","protected":false},"author":1,"featured_media":44232,"comment_status":"open","ping_status":"open","sticky":true,"template":"","format":"standard","meta":{"footnotes":""},"categories":[6,5],"tags":[],"_links":{"self":[{"href":"https:\/\/diariodigitalmx.com\/index.php\/wp-json\/wp\/v2\/posts\/44227"}],"collection":[{"href":"https:\/\/diariodigitalmx.com\/index.php\/wp-json\/wp\/v2\/posts"}],"about":[{"href":"https:\/\/diariodigitalmx.com\/index.php\/wp-json\/wp\/v2\/types\/post"}],"author":[{"embeddable":true,"href":"https:\/\/diariodigitalmx.com\/index.php\/wp-json\/wp\/v2\/users\/1"}],"replies":[{"embeddable":true,"href":"https:\/\/diariodigitalmx.com\/index.php\/wp-json\/wp\/v2\/comments?post=44227"}],"version-history":[{"count":2,"href":"https:\/\/diariodigitalmx.com\/index.php\/wp-json\/wp\/v2\/posts\/44227\/revisions"}],"predecessor-version":[{"id":44229,"href":"https:\/\/diariodigitalmx.com\/index.php\/wp-json\/wp\/v2\/posts\/44227\/revisions\/44229"}],"wp:featuredmedia":[{"embeddable":true,"href":"https:\/\/diariodigitalmx.com\/index.php\/wp-json\/wp\/v2\/media\/44232"}],"wp:attachment":[{"href":"https:\/\/diariodigitalmx.com\/index.php\/wp-json\/wp\/v2\/media?parent=44227"}],"wp:term":[{"taxonomy":"category","embeddable":true,"href":"https:\/\/diariodigitalmx.com\/index.php\/wp-json\/wp\/v2\/categories?post=44227"},{"taxonomy":"post_tag","embeddable":true,"href":"https:\/\/diariodigitalmx.com\/index.php\/wp-json\/wp\/v2\/tags?post=44227"}],"curies":[{"name":"wp","href":"https:\/\/api.w.org\/{rel}","templated":true}]}}