{"id":44290,"date":"2020-12-06T22:15:39","date_gmt":"2020-12-07T04:15:39","guid":{"rendered":"http:\/\/diariodigitalmx.com\/?p=44290"},"modified":"2020-12-06T22:18:55","modified_gmt":"2020-12-07T04:18:55","slug":"44290","status":"publish","type":"post","link":"https:\/\/diariodigitalmx.com\/index.php\/2020\/12\/06\/44290\/","title":{"rendered":"Polic\u00edas de Monterrey agreden y detienen a periodista"},"content":{"rendered":"\n<p>*Juan Cedillo realizaba cobertura period\u00edstica; le lesionan rodilla y destruyen equipo fotogr\u00e1fico <\/p>\n\n\n\n<p>David Casas<br><\/p>\n\n\n\n<p>Monterrey&#8211; Polic\u00edas municipales de Monterrey detuvieron y golpearon al periodista Juan Alberto Cedillo, quien detect\u00f3 a elementos de esa corporaci\u00f3n cuando revisaban a un joven vendedor ind\u00edgena en calles del centro de la ciudad.&nbsp;<br><\/p>\n\n\n\n<p>El periodista corresponsal del semanario Proceso&nbsp; realizaba una cobertura acerca del cierre negocios derivado de la pandemia cuando en las calles de 5 de Mayo y Colegio Civil observ\u00f3 que un joven ind\u00edgena, cuya madre estaba a su lado, estaba contra la pared y era revisado en sus bolsas por agentes de la llamada polic\u00eda Regia.<br><\/p>\n\n\n\n<p>Cedillo inform\u00f3 que de inmediato comenz\u00f3 a capturar la acci\u00f3n por lo que de inmediato un polic\u00eda se le acerc\u00f3 para agredirlo verbalmente y tratar de quitarle la c\u00e1mara.&nbsp;<br><\/p>\n\n\n\n<p>Al identificarse como periodista e interrogar el motivo de la redenci\u00f3n del muchacho, el polic\u00eda le contest\u00f3 que &#8220;ten\u00eda los ojos rojos&#8221;, aunque luego en su reporte dijo que no ten\u00eda cubrebocas, cuando eso no era cierto.&nbsp;<br><\/p>\n\n\n\n<figure class=\"wp-block-image\"><img loading=\"lazy\" decoding=\"async\" width=\"1024\" height=\"682\" src=\"http:\/\/diariodigitalmx.com\/wp-content\/uploads\/2020\/12\/IMG-20201206-WA0008-1024x682.jpg\" alt=\"\" class=\"wp-image-44297\" srcset=\"https:\/\/diariodigitalmx.com\/wp-content\/uploads\/2020\/12\/IMG-20201206-WA0008-1024x682.jpg 1024w, https:\/\/diariodigitalmx.com\/wp-content\/uploads\/2020\/12\/IMG-20201206-WA0008-300x200.jpg 300w, https:\/\/diariodigitalmx.com\/wp-content\/uploads\/2020\/12\/IMG-20201206-WA0008-768x512.jpg 768w, https:\/\/diariodigitalmx.com\/wp-content\/uploads\/2020\/12\/IMG-20201206-WA0008.jpg 1280w\" sizes=\"(max-width: 1024px) 100vw, 1024px\" \/><\/figure>\n\n\n\n<p>La situaci\u00f3n pareci\u00f3 calmarse, sin embargo, cuando Cedillo abandona el lugar tras hablar unas palabras con el muchacho, es nuevamente sujetado por la espalda por un polic\u00eda y tras un forcejeo lo esposa y lo golpean en la patrulla donde le lastiman una rodilla y le destruyen un equipo fotogr\u00e1fico.&nbsp;<br><\/p>\n\n\n\n<p>Por unas tres horas estuvo incomunicado en las celdas de la Polic\u00eda de Monterrey por presuntas faltas administrativas, hasta que fue liberado tras comprobarse que es periodista.&nbsp;<br><\/p>\n\n\n\n<p>Por su parte, la Red de Periodistas del Noreste de M\u00e9xico reprob\u00f3 rotundamente la detenci\u00f3n, maltrato f\u00edsico y amenazas por parte del personal de la Secretar\u00eda de Seguridad P\u00fablica y Vialidad del Municipio de Monterrey en contra de Juan Alberto Cedillo.<br><\/p>\n\n\n\n<p>&#8220;El corresponsal de Proceso ejerc\u00eda su derecho a la libertad de expresi\u00f3n, capturando el proceder de los elementos de polic\u00eda, que de ninguna manera son motivos para ser arrestado, golpeado y amenazado&#8221;, agrega la organizaci\u00f3n.<br><\/p>\n\n\n\n<p>&#8220;La Red de Periodistas del Noreste, integrada por colegas de seis estados, exigimos a las autoridades que se realice una investigaci\u00f3n sobre estos hechos y deslinde responsabilidades&#8221;, demand\u00f3 en su exigencia a la que se sumaron, Voces Irritilas AC de La Laguna de Coahuila y Durango, as\u00ed como&nbsp;el Colectivo de Periodistas de Monclova.&nbsp;<\/p>\n\n\n\n<p><\/p>\n","protected":false},"excerpt":{"rendered":"<p>*Juan Cedillo realizaba cobertura period\u00edstica; le lesionan rodilla y destruyen equipo fotogr\u00e1fico David Casas Monterrey&#8211; Polic\u00edas municipales de Monterrey detuvieron y golpearon al periodista Juan Alberto Cedillo, quien detect\u00f3 a elementos de esa corporaci\u00f3n cuando revisaban a un joven vendedor ind\u00edgena en calles del centro de la ciudad.&nbsp; El periodista corresponsal del semanario Proceso&nbsp; realizaba [&hellip;]<\/p>\n","protected":false},"author":1,"featured_media":44296,"comment_status":"open","ping_status":"open","sticky":true,"template":"","format":"standard","meta":{"footnotes":""},"categories":[6,5],"tags":[],"_links":{"self":[{"href":"https:\/\/diariodigitalmx.com\/index.php\/wp-json\/wp\/v2\/posts\/44290"}],"collection":[{"href":"https:\/\/diariodigitalmx.com\/index.php\/wp-json\/wp\/v2\/posts"}],"about":[{"href":"https:\/\/diariodigitalmx.com\/index.php\/wp-json\/wp\/v2\/types\/post"}],"author":[{"embeddable":true,"href":"https:\/\/diariodigitalmx.com\/index.php\/wp-json\/wp\/v2\/users\/1"}],"replies":[{"embeddable":true,"href":"https:\/\/diariodigitalmx.com\/index.php\/wp-json\/wp\/v2\/comments?post=44290"}],"version-history":[{"count":5,"href":"https:\/\/diariodigitalmx.com\/index.php\/wp-json\/wp\/v2\/posts\/44290\/revisions"}],"predecessor-version":[{"id":44298,"href":"https:\/\/diariodigitalmx.com\/index.php\/wp-json\/wp\/v2\/posts\/44290\/revisions\/44298"}],"wp:featuredmedia":[{"embeddable":true,"href":"https:\/\/diariodigitalmx.com\/index.php\/wp-json\/wp\/v2\/media\/44296"}],"wp:attachment":[{"href":"https:\/\/diariodigitalmx.com\/index.php\/wp-json\/wp\/v2\/media?parent=44290"}],"wp:term":[{"taxonomy":"category","embeddable":true,"href":"https:\/\/diariodigitalmx.com\/index.php\/wp-json\/wp\/v2\/categories?post=44290"},{"taxonomy":"post_tag","embeddable":true,"href":"https:\/\/diariodigitalmx.com\/index.php\/wp-json\/wp\/v2\/tags?post=44290"}],"curies":[{"name":"wp","href":"https:\/\/api.w.org\/{rel}","templated":true}]}}