{"id":44299,"date":"2020-12-06T23:13:52","date_gmt":"2020-12-07T05:13:52","guid":{"rendered":"http:\/\/diariodigitalmx.com\/?p=44299"},"modified":"2020-12-07T07:35:58","modified_gmt":"2020-12-07T13:35:58","slug":"44299","status":"publish","type":"post","link":"https:\/\/diariodigitalmx.com\/index.php\/2020\/12\/06\/44299\/","title":{"rendered":"Extender per\u00edodo de firmas a independientes solicita Candelario Maldonado"},"content":{"rendered":"\n<p>David Casas&nbsp;<br><\/p>\n\n\n\n<p>Monterrey-&nbsp; Candelario Maldonado, quien aspira a la candidatura independiente al gobierno de Nuevo Le\u00f3n, solicit\u00f3 a la CEE y al INE extender 60 d\u00edas la recolecci\u00f3n de firmas de apoyo ciudadano ante la declaratoria de riesgo m\u00e1ximo por el alto n\u00famero de contagios de Covid-19.<br><\/p>\n\n\n\n<p>Tambi\u00e9n pidi\u00f3&nbsp; verificar el sistema de la aplicaci\u00f3n para la recolecci\u00f3n de firmas, ya que aunque el INE extendi\u00f3 la vigencia de las credenciales 2019 hasta el 6 de junio 2021, el sistema no las valida al momento de registrarlas en la aplicaci\u00f3n del Instituto.<br><\/p>\n\n\n\n<p>&#8220;Estamos solicitando la aplicaci\u00f3n de 60 d\u00edas para reunir el apoyo ciudadano que se necesita, \u00e9sto por que las reglas del juego se tomaron antes de que estuviera la pandemia, hoy est\u00e1 cerrada toda la actividad de Nuevo Le\u00f3n&#8221;, coment\u00f3 .<br><\/p>\n\n\n\n<p>&#8220;Estamos pidiendo que de manera urgente se habr\u00e1 un micrositio para que de manera segura la gente pueda brindar su apoyo y podamos reunir este requisito y que la Comisi\u00f3n tome cartas en el asunto y piense en la seguridad de los candidatos independientes, la gente que nos apoya y toda la ciudadan\u00eda&#8221;.<br><\/p>\n\n\n\n<p>Maldonado argument\u00f3 que las reglas establecidas por el INE y la CEE para la obtenci\u00f3n de apoyo ciudadano fueron dictaminadas en un per\u00edodo anterior a la crisis sanitaria.<br><\/p>\n\n\n\n<p>Adem\u00e1s de Maldonado, V\u00edctor Manuel Mart\u00ednez Gonz\u00e1les, Christian Eduardo Gossier Alan\u00eds y Jos\u00e9 Elizondo Valero son los precandidatos que buscan firmas para que les aprueben su candidatura.&nbsp;<\/p>\n\n\n\n<p><\/p>\n\n\n\n<p><\/p>\n\n\n\n<p><\/p>\n","protected":false},"excerpt":{"rendered":"<p>David Casas&nbsp; Monterrey-&nbsp; Candelario Maldonado, quien aspira a la candidatura independiente al gobierno de Nuevo Le\u00f3n, solicit\u00f3 a la CEE y al INE extender 60 d\u00edas la recolecci\u00f3n de firmas de apoyo ciudadano ante la declaratoria de riesgo m\u00e1ximo por el alto n\u00famero de contagios de Covid-19. Tambi\u00e9n pidi\u00f3&nbsp; verificar el sistema de la aplicaci\u00f3n [&hellip;]<\/p>\n","protected":false},"author":1,"featured_media":44303,"comment_status":"open","ping_status":"open","sticky":true,"template":"","format":"standard","meta":{"footnotes":""},"categories":[6,5],"tags":[],"_links":{"self":[{"href":"https:\/\/diariodigitalmx.com\/index.php\/wp-json\/wp\/v2\/posts\/44299"}],"collection":[{"href":"https:\/\/diariodigitalmx.com\/index.php\/wp-json\/wp\/v2\/posts"}],"about":[{"href":"https:\/\/diariodigitalmx.com\/index.php\/wp-json\/wp\/v2\/types\/post"}],"author":[{"embeddable":true,"href":"https:\/\/diariodigitalmx.com\/index.php\/wp-json\/wp\/v2\/users\/1"}],"replies":[{"embeddable":true,"href":"https:\/\/diariodigitalmx.com\/index.php\/wp-json\/wp\/v2\/comments?post=44299"}],"version-history":[{"count":2,"href":"https:\/\/diariodigitalmx.com\/index.php\/wp-json\/wp\/v2\/posts\/44299\/revisions"}],"predecessor-version":[{"id":44301,"href":"https:\/\/diariodigitalmx.com\/index.php\/wp-json\/wp\/v2\/posts\/44299\/revisions\/44301"}],"wp:featuredmedia":[{"embeddable":true,"href":"https:\/\/diariodigitalmx.com\/index.php\/wp-json\/wp\/v2\/media\/44303"}],"wp:attachment":[{"href":"https:\/\/diariodigitalmx.com\/index.php\/wp-json\/wp\/v2\/media?parent=44299"}],"wp:term":[{"taxonomy":"category","embeddable":true,"href":"https:\/\/diariodigitalmx.com\/index.php\/wp-json\/wp\/v2\/categories?post=44299"},{"taxonomy":"post_tag","embeddable":true,"href":"https:\/\/diariodigitalmx.com\/index.php\/wp-json\/wp\/v2\/tags?post=44299"}],"curies":[{"name":"wp","href":"https:\/\/api.w.org\/{rel}","templated":true}]}}