{"id":44304,"date":"2020-12-07T07:37:24","date_gmt":"2020-12-07T13:37:24","guid":{"rendered":"http:\/\/diariodigitalmx.com\/?p=44304"},"modified":"2020-12-07T07:38:02","modified_gmt":"2020-12-07T13:38:02","slug":"por-cierto-374","status":"publish","type":"post","link":"https:\/\/diariodigitalmx.com\/index.php\/2020\/12\/07\/por-cierto-374\/","title":{"rendered":"Por cierto&#8230;"},"content":{"rendered":"\n<p>\u00d3scar Tamez Rodr\u00edguez <\/p>\n\n\n\n<p>Quien sigue supurando por la herida es Luis Colosio quien se separa de la coordinaci\u00f3n en el Congreso local por parte de MC y deja entrever que puede dejar al partido que lo invent\u00f3 para irse a otro como candidato, por supuesto ese otro ser\u00eda el PAN. Es que luego de la descobijada que le podr\u00eda impedir contender por Monterrey, anda que no encuentra como desquitarse de Samuel, claro, olvida que fue Colosio quien abri\u00f3 fuego\u2026 Un fin de semana con olor a pueblo fantasma es el que se vivi\u00f3, todo porque los bur\u00f3cratas del gobierno de NL ante su incompetencia deciden cerrar todo negocio, para ellos es muy f\u00e1cil decir que los trabajadores hagan s\u00faper entre semana, bien se nota que ellos no gastan m\u00e1s de 2 o 3 horas en traslados hogar-trabajo-hogar y que el s\u00faper lo surten en cami\u00f3n, no en veh\u00edculos oficiales con chofer.&nbsp;<br><a href=\"http:\/\/www.estudiospoliticos.mx\/\" target=\"_blank\" rel=\"noreferrer noopener\">www.estudiospoliticos.mx<\/a><a href=\"http:\/\/www.twitter.com\/@EstudiosMx\" target=\"_blank\" rel=\"noreferrer noopener\">www.Twitter.com\/@EstudiosMx<\/a><a href=\"http:\/\/www.facebook.com\/EstudiosPoliticos.mx\" target=\"_blank\" rel=\"noreferrer noopener\">www.Facebook.com\/EstudiosPoliticos.mx<\/a><\/p>\n\n\n\n<p><\/p>\n","protected":false},"excerpt":{"rendered":"<p>\u00d3scar Tamez Rodr\u00edguez Quien sigue supurando por la herida es Luis Colosio quien se separa de la coordinaci\u00f3n en el Congreso local por parte de MC y deja entrever que puede dejar al partido que lo invent\u00f3 para irse a otro como candidato, por supuesto ese otro ser\u00eda el PAN. Es que luego de la [&hellip;]<\/p>\n","protected":false},"author":1,"featured_media":44307,"comment_status":"open","ping_status":"open","sticky":true,"template":"","format":"standard","meta":{"footnotes":""},"categories":[12,5],"tags":[],"_links":{"self":[{"href":"https:\/\/diariodigitalmx.com\/index.php\/wp-json\/wp\/v2\/posts\/44304"}],"collection":[{"href":"https:\/\/diariodigitalmx.com\/index.php\/wp-json\/wp\/v2\/posts"}],"about":[{"href":"https:\/\/diariodigitalmx.com\/index.php\/wp-json\/wp\/v2\/types\/post"}],"author":[{"embeddable":true,"href":"https:\/\/diariodigitalmx.com\/index.php\/wp-json\/wp\/v2\/users\/1"}],"replies":[{"embeddable":true,"href":"https:\/\/diariodigitalmx.com\/index.php\/wp-json\/wp\/v2\/comments?post=44304"}],"version-history":[{"count":2,"href":"https:\/\/diariodigitalmx.com\/index.php\/wp-json\/wp\/v2\/posts\/44304\/revisions"}],"predecessor-version":[{"id":44306,"href":"https:\/\/diariodigitalmx.com\/index.php\/wp-json\/wp\/v2\/posts\/44304\/revisions\/44306"}],"wp:featuredmedia":[{"embeddable":true,"href":"https:\/\/diariodigitalmx.com\/index.php\/wp-json\/wp\/v2\/media\/44307"}],"wp:attachment":[{"href":"https:\/\/diariodigitalmx.com\/index.php\/wp-json\/wp\/v2\/media?parent=44304"}],"wp:term":[{"taxonomy":"category","embeddable":true,"href":"https:\/\/diariodigitalmx.com\/index.php\/wp-json\/wp\/v2\/categories?post=44304"},{"taxonomy":"post_tag","embeddable":true,"href":"https:\/\/diariodigitalmx.com\/index.php\/wp-json\/wp\/v2\/tags?post=44304"}],"curies":[{"name":"wp","href":"https:\/\/api.w.org\/{rel}","templated":true}]}}