{"id":44308,"date":"2020-12-07T11:02:09","date_gmt":"2020-12-07T17:02:09","guid":{"rendered":"http:\/\/diariodigitalmx.com\/?p=44308"},"modified":"2020-12-07T11:03:16","modified_gmt":"2020-12-07T17:03:16","slug":"44308","status":"publish","type":"post","link":"https:\/\/diariodigitalmx.com\/index.php\/2020\/12\/07\/44308\/","title":{"rendered":"Va Tatiana Clouthier a Econom\u00eda; cambios en gabinete federal"},"content":{"rendered":"\n<p>El presidente Andr\u00e9s Manuel L\u00f3pez Obrador hizo una serie de nombramientos de mujeres al frente de dependencias del orden econ\u00f3mico, entre las que destacan Tatiana Clouthier quien podr\u00eda quedar al frente de la Secretar\u00eda de Econom\u00eda.<\/p>\n\n\n\n<p>\u201cNo es una cosa que tenga que ver con la cuota de g\u00e9nero, tiene que ver con la necesidad de tener en el servicio p\u00fablico a hombres y mujeres caracterizados por la honestidad. En el caso de Tatiana es una mujer con principios, con integridad, honesta y va a ayudarnos para que se siga promoviendo la actividad econ\u00f3mica en el pa\u00eds y se tengan buenas relaciones con el sector empresarial, con el sector obrero, se siga fomentando el comercio exterior. Ese fue el motivo por el que decid\u00ed nombrarla secretar\u00eda de Econom\u00eda\u201d, argument\u00f3 el presidente.<\/p>\n\n\n\n<p>Graciela M\u00e1rquez Col\u00edn, actual secretaria de Econom\u00eda, fue nombrada como integrante de la junta de gobierno del Instituto Nacional de Estad\u00edstica y Geograf\u00eda (INEGI). Ambos cargos tendr\u00e1n que ser ratificados por el Senado de la Rep\u00fablica.<\/p>\n\n\n\n<p>En sustituci\u00f3n a Rosa Icela Rodr\u00edguez Vel\u00e1zquez, la capitana de Altura, Ana Laura L\u00f3pez Bautista quedar\u00eda al frente de la coordinaci\u00f3n general de Puertos y Marina.<\/p>\n\n\n\n<p>Galia Borja G\u00f3mez se integrar\u00eda como subgobernadora del Banco de M\u00e9xico y como miembro de la junta de gobierno. El presidente indic\u00f3 que Galia se desempe\u00f1a al momento como tesorera de la Federaci\u00f3n; en su cargo, quedar\u00eda al frente la acad\u00e9mica Elvira Concheiro.<\/p>\n","protected":false},"excerpt":{"rendered":"<p>El presidente Andr\u00e9s Manuel L\u00f3pez Obrador hizo una serie de nombramientos de mujeres al frente de dependencias del orden econ\u00f3mico, entre las que destacan Tatiana Clouthier quien podr\u00eda quedar al frente de la Secretar\u00eda de Econom\u00eda. \u201cNo es una cosa que tenga que ver con la cuota de g\u00e9nero, tiene que ver con la necesidad [&hellip;]<\/p>\n","protected":false},"author":1,"featured_media":44311,"comment_status":"open","ping_status":"open","sticky":true,"template":"","format":"standard","meta":{"footnotes":""},"categories":[2,5],"tags":[],"_links":{"self":[{"href":"https:\/\/diariodigitalmx.com\/index.php\/wp-json\/wp\/v2\/posts\/44308"}],"collection":[{"href":"https:\/\/diariodigitalmx.com\/index.php\/wp-json\/wp\/v2\/posts"}],"about":[{"href":"https:\/\/diariodigitalmx.com\/index.php\/wp-json\/wp\/v2\/types\/post"}],"author":[{"embeddable":true,"href":"https:\/\/diariodigitalmx.com\/index.php\/wp-json\/wp\/v2\/users\/1"}],"replies":[{"embeddable":true,"href":"https:\/\/diariodigitalmx.com\/index.php\/wp-json\/wp\/v2\/comments?post=44308"}],"version-history":[{"count":2,"href":"https:\/\/diariodigitalmx.com\/index.php\/wp-json\/wp\/v2\/posts\/44308\/revisions"}],"predecessor-version":[{"id":44310,"href":"https:\/\/diariodigitalmx.com\/index.php\/wp-json\/wp\/v2\/posts\/44308\/revisions\/44310"}],"wp:featuredmedia":[{"embeddable":true,"href":"https:\/\/diariodigitalmx.com\/index.php\/wp-json\/wp\/v2\/media\/44311"}],"wp:attachment":[{"href":"https:\/\/diariodigitalmx.com\/index.php\/wp-json\/wp\/v2\/media?parent=44308"}],"wp:term":[{"taxonomy":"category","embeddable":true,"href":"https:\/\/diariodigitalmx.com\/index.php\/wp-json\/wp\/v2\/categories?post=44308"},{"taxonomy":"post_tag","embeddable":true,"href":"https:\/\/diariodigitalmx.com\/index.php\/wp-json\/wp\/v2\/tags?post=44308"}],"curies":[{"name":"wp","href":"https:\/\/api.w.org\/{rel}","templated":true}]}}