{"id":44325,"date":"2020-12-07T13:31:36","date_gmt":"2020-12-07T19:31:36","guid":{"rendered":"http:\/\/diariodigitalmx.com\/?p=44325"},"modified":"2020-12-15T21:44:22","modified_gmt":"2020-12-16T03:44:22","slug":"44325","status":"publish","type":"post","link":"https:\/\/diariodigitalmx.com\/index.php\/2020\/12\/07\/44325\/","title":{"rendered":"Sin novedades en el PRI, es el \u00fanico registrado Adri\u00e1n de la Garza"},"content":{"rendered":"\n<p>*Es el medinista precandidato y ser\u00e1 el candidato al Gobierno estatal<\/p>\n\n\n\n<p><\/p>\n\n\n\n<p>Walter Elizondo&nbsp;<br><\/p>\n\n\n\n<p>Monterrey &#8211; Adri\u00e1n de la Garza, alcalde de Monterrey con licencia se registr\u00f3 como el \u00fanico precandidato a la gubernatura de Nuevo Le\u00f3n por el PRI.&nbsp;<br><\/p>\n\n\n\n<p>Ante la presencia de los tres aspirantes que declinaron buscar el registro, De la Garza se convierte en el virtual candidato priista a contender en el proceso electoral del 2021.<br><\/p>\n\n\n\n<p>El registro fue recibido por la Comisi\u00f3n de Procesos Internos, que al no recibir otra solicitud declarar\u00e1 a De la Garza como precandidato \u00fanico y \u00e9ste podr\u00e1 arrancar su precampa\u00f1a.<br><\/p>\n\n\n\n<p>Tras su registro, De la Garza agradeci\u00f3 el respaldo de los ex aspirantes y dijo que la unidad sacar\u00e1 adelante al partido en las pr\u00f3ximas elecciones.Dijo<br><\/p>\n\n\n\n<p>Ahora iniciar\u00e1 la precampa\u00f1a esta misma semana con visitas a militantes, seg\u00fan dijo y una vez que est\u00e9 en condici\u00f3n visitar\u00e1 y har\u00e1 las propuestas para poder ir por la candidatura.<br><\/p>\n\n\n\n<figure class=\"wp-block-image\"><img loading=\"lazy\" decoding=\"async\" width=\"1024\" height=\"768\" src=\"http:\/\/diariodigitalmx.com\/wp-content\/uploads\/2020\/12\/IMG-20201207-WA0009-1024x768.jpg\" alt=\"\" class=\"wp-image-44331\" srcset=\"https:\/\/diariodigitalmx.com\/wp-content\/uploads\/2020\/12\/IMG-20201207-WA0009-1024x768.jpg 1024w, https:\/\/diariodigitalmx.com\/wp-content\/uploads\/2020\/12\/IMG-20201207-WA0009-300x225.jpg 300w, https:\/\/diariodigitalmx.com\/wp-content\/uploads\/2020\/12\/IMG-20201207-WA0009-768x576.jpg 768w, https:\/\/diariodigitalmx.com\/wp-content\/uploads\/2020\/12\/IMG-20201207-WA0009.jpg 1032w\" sizes=\"(max-width: 1024px) 100vw, 1024px\" \/><\/figure>\n\n\n\n<p>El precandidato se tom\u00f3 la foto con&nbsp; Cristina D\u00edaz, C\u00e9sar Garza e Ildefonso Guajardo, quienes declinaron a buscar la candidatura priista.&nbsp;<br><\/p>\n\n\n\n<p>D\u00edaz Salazar se enfocar\u00e1 a buscar la reelecci\u00f3n en la alcald\u00eda de Guadalupe y Garza en la de Apodaca, mientras que Ildefonso Guajardo tiene otros proyectos.&nbsp;<br><\/p>\n\n\n\n<p>El ex secretario de Econom\u00eda nacional descart\u00f3 registrarse como precandidato se\u00f1alando a de la Garza como aspirante \u00fanico.<\/p>\n\n\n\n<p><\/p>\n\n\n\n<p><\/p>\n","protected":false},"excerpt":{"rendered":"<p>*Es el medinista precandidato y ser\u00e1 el candidato al Gobierno estatal Walter Elizondo&nbsp; Monterrey &#8211; Adri\u00e1n de la Garza, alcalde de Monterrey con licencia se registr\u00f3 como el \u00fanico precandidato a la gubernatura de Nuevo Le\u00f3n por el PRI.&nbsp; Ante la presencia de los tres aspirantes que declinaron buscar el registro, De la Garza se [&hellip;]<\/p>\n","protected":false},"author":1,"featured_media":44330,"comment_status":"open","ping_status":"open","sticky":true,"template":"","format":"standard","meta":{"footnotes":""},"categories":[6,5],"tags":[],"_links":{"self":[{"href":"https:\/\/diariodigitalmx.com\/index.php\/wp-json\/wp\/v2\/posts\/44325"}],"collection":[{"href":"https:\/\/diariodigitalmx.com\/index.php\/wp-json\/wp\/v2\/posts"}],"about":[{"href":"https:\/\/diariodigitalmx.com\/index.php\/wp-json\/wp\/v2\/types\/post"}],"author":[{"embeddable":true,"href":"https:\/\/diariodigitalmx.com\/index.php\/wp-json\/wp\/v2\/users\/1"}],"replies":[{"embeddable":true,"href":"https:\/\/diariodigitalmx.com\/index.php\/wp-json\/wp\/v2\/comments?post=44325"}],"version-history":[{"count":4,"href":"https:\/\/diariodigitalmx.com\/index.php\/wp-json\/wp\/v2\/posts\/44325\/revisions"}],"predecessor-version":[{"id":44332,"href":"https:\/\/diariodigitalmx.com\/index.php\/wp-json\/wp\/v2\/posts\/44325\/revisions\/44332"}],"wp:featuredmedia":[{"embeddable":true,"href":"https:\/\/diariodigitalmx.com\/index.php\/wp-json\/wp\/v2\/media\/44330"}],"wp:attachment":[{"href":"https:\/\/diariodigitalmx.com\/index.php\/wp-json\/wp\/v2\/media?parent=44325"}],"wp:term":[{"taxonomy":"category","embeddable":true,"href":"https:\/\/diariodigitalmx.com\/index.php\/wp-json\/wp\/v2\/categories?post=44325"},{"taxonomy":"post_tag","embeddable":true,"href":"https:\/\/diariodigitalmx.com\/index.php\/wp-json\/wp\/v2\/tags?post=44325"}],"curies":[{"name":"wp","href":"https:\/\/api.w.org\/{rel}","templated":true}]}}