{"id":44333,"date":"2020-12-07T14:55:18","date_gmt":"2020-12-07T20:55:18","guid":{"rendered":"http:\/\/diariodigitalmx.com\/?p=44333"},"modified":"2020-12-07T14:57:52","modified_gmt":"2020-12-07T20:57:52","slug":"44333","status":"publish","type":"post","link":"https:\/\/diariodigitalmx.com\/index.php\/2020\/12\/07\/44333\/","title":{"rendered":"Investiga Derechos Humanos agresi\u00f3n y detenci\u00f3n a periodista de Proceso"},"content":{"rendered":"\n<p>*Juan Cedillo, el periodista afectado exige investigaci\u00f3n <\/p>\n\n\n\n<p><\/p>\n\n\n\n<p>David Casas <br><\/p>\n\n\n\n<p>Monterrey &#8211; La Comisi\u00f3n Estatal de Derechos Humanos de Nuevo Le\u00f3n inici\u00f3 la investigaci\u00f3n en torno al caso del periodista Juan Alberto Cedillo, corresponsal del semanario Proceso, quien denunci\u00f3 que fue golpeado y detenido por polic\u00edas de Monterrey cuando ejerc\u00eda su profesi\u00f3n.<br><\/p>\n\n\n\n<p>Por su parte, Cedillo solicit\u00f3 una investigaci\u00f3n al respecto y mostr\u00f3 preocupaci\u00f3n por los hechos.&nbsp;<br><\/p>\n\n\n\n<p>&#8220;No obstante me preocupa que los efectivos que me detuvieron mostraron una prepotencia que no es normal. Cuando te identificas como periodista la mayor\u00eda de los polic\u00edas respetan nuestro trabajo pero uno de los dos&nbsp; agentes que me interrogaron se mostr\u00f3 m\u00e1s molesto cuando me identifiqu\u00e9 como reportero bajo el Mecanismo de Protecci\u00f3n a Periodistas&#8221;, expresa.&nbsp;<br><\/p>\n\n\n\n<p>&#8220;Debido a ello voy a&nbsp; solicitar a las autoridades federales que lo investiguen para descartar que no est\u00e9 al servicio de la delincuencia organizada.Estados como Nuevo Le\u00f3n&nbsp; est\u00e1n pr\u00e1cticamente tomados por el crimen organizado&nbsp; y el riesgo de ejercer el periodismo en esta regi\u00f3n se incrementa por la complicidad de autoridades con los delincuentes&#8221;.<br><\/p>\n\n\n\n<p>&#8220;Los efectivos de la Regia, me golpearon &#8220;levemente&#8221;, me esposaron con la intensi\u00f3n&nbsp; de que los grilletes&nbsp; me da\u00f1aran y me mantuvieron incomunicado pero lo m\u00e1s grave es que uno de los polic\u00edas que me detuvo no ten\u00eda cubrebocas y no respetaron medidas sanitarias&#8221;, puntualiza.&nbsp;<br><\/p>\n\n\n\n<figure class=\"wp-block-image\"><img loading=\"lazy\" decoding=\"async\" width=\"1024\" height=\"666\" src=\"http:\/\/diariodigitalmx.com\/wp-content\/uploads\/2020\/12\/FB_IMG_1607373671710-1024x666.jpg\" alt=\"\" class=\"wp-image-44339\" srcset=\"https:\/\/diariodigitalmx.com\/wp-content\/uploads\/2020\/12\/FB_IMG_1607373671710-1024x666.jpg 1024w, https:\/\/diariodigitalmx.com\/wp-content\/uploads\/2020\/12\/FB_IMG_1607373671710-300x195.jpg 300w, https:\/\/diariodigitalmx.com\/wp-content\/uploads\/2020\/12\/FB_IMG_1607373671710-768x499.jpg 768w, https:\/\/diariodigitalmx.com\/wp-content\/uploads\/2020\/12\/FB_IMG_1607373671710.jpg 1080w\" sizes=\"(max-width: 1024px) 100vw, 1024px\" \/><\/figure>\n\n\n\n<p>La investigaci\u00f3n de la CEDH se abre tra la queja interpuesta por el periodista ante esa instituci\u00f3n.<br><\/p>\n\n\n\n<p>La CEDHNL puntualiz\u00f3 que la libertad de pensamiento y expresi\u00f3n, debe ser garantizada por las autoridades p\u00fablicas y que en un Estado de Derecho, es importante que se otorgue una protecci\u00f3n especial a las personas que ejercen la actividad period\u00edstica, puesto que su papel contribuye de manera fundamental a la consolidaci\u00f3n de la democracia.<br><\/p>\n\n\n\n<p>Se compromete Derechos Humanos a dar puntual seguimiento a este caso, para que se garantice en todo momento la protecci\u00f3n a los derechos humanos.<br><\/p>\n\n\n\n<p>Cedillo fue agredido y detenido por la polic\u00eda de Monterrey, el domingo cuando tom\u00f3 fotos al sorprender a los polic\u00edas que revisaban a un vendedor informal, presuntamente ind\u00edgena que vend\u00eda junto a su madre art\u00edculos navide\u00f1os en calles de la ciudad.&nbsp;<br><\/p>\n","protected":false},"excerpt":{"rendered":"<p>*Juan Cedillo, el periodista afectado exige investigaci\u00f3n David Casas Monterrey &#8211; La Comisi\u00f3n Estatal de Derechos Humanos de Nuevo Le\u00f3n inici\u00f3 la investigaci\u00f3n en torno al caso del periodista Juan Alberto Cedillo, corresponsal del semanario Proceso, quien denunci\u00f3 que fue golpeado y detenido por polic\u00edas de Monterrey cuando ejerc\u00eda su profesi\u00f3n. Por su parte, Cedillo [&hellip;]<\/p>\n","protected":false},"author":1,"featured_media":44338,"comment_status":"open","ping_status":"open","sticky":true,"template":"","format":"standard","meta":{"footnotes":""},"categories":[6,5],"tags":[],"_links":{"self":[{"href":"https:\/\/diariodigitalmx.com\/index.php\/wp-json\/wp\/v2\/posts\/44333"}],"collection":[{"href":"https:\/\/diariodigitalmx.com\/index.php\/wp-json\/wp\/v2\/posts"}],"about":[{"href":"https:\/\/diariodigitalmx.com\/index.php\/wp-json\/wp\/v2\/types\/post"}],"author":[{"embeddable":true,"href":"https:\/\/diariodigitalmx.com\/index.php\/wp-json\/wp\/v2\/users\/1"}],"replies":[{"embeddable":true,"href":"https:\/\/diariodigitalmx.com\/index.php\/wp-json\/wp\/v2\/comments?post=44333"}],"version-history":[{"count":4,"href":"https:\/\/diariodigitalmx.com\/index.php\/wp-json\/wp\/v2\/posts\/44333\/revisions"}],"predecessor-version":[{"id":44340,"href":"https:\/\/diariodigitalmx.com\/index.php\/wp-json\/wp\/v2\/posts\/44333\/revisions\/44340"}],"wp:featuredmedia":[{"embeddable":true,"href":"https:\/\/diariodigitalmx.com\/index.php\/wp-json\/wp\/v2\/media\/44338"}],"wp:attachment":[{"href":"https:\/\/diariodigitalmx.com\/index.php\/wp-json\/wp\/v2\/media?parent=44333"}],"wp:term":[{"taxonomy":"category","embeddable":true,"href":"https:\/\/diariodigitalmx.com\/index.php\/wp-json\/wp\/v2\/categories?post=44333"},{"taxonomy":"post_tag","embeddable":true,"href":"https:\/\/diariodigitalmx.com\/index.php\/wp-json\/wp\/v2\/tags?post=44333"}],"curies":[{"name":"wp","href":"https:\/\/api.w.org\/{rel}","templated":true}]}}