{"id":44351,"date":"2020-12-07T18:27:48","date_gmt":"2020-12-08T00:27:48","guid":{"rendered":"http:\/\/diariodigitalmx.com\/?p=44351"},"modified":"2020-12-07T18:29:03","modified_gmt":"2020-12-08T00:29:03","slug":"44351","status":"publish","type":"post","link":"https:\/\/diariodigitalmx.com\/index.php\/2020\/12\/07\/44351\/","title":{"rendered":"Presenta Rayados a Javier Aguirre como su nuevo t\u00e9cnico"},"content":{"rendered":"\n<p>Por Rogelio Romero<\/p>\n\n\n\n<p>\u201cIntentar\u00e9 estar a la altura de su exigencia, intentar\u00e9 devolverle a la afici\u00f3n con t\u00edtulos ese cari\u00f1o que nos van a dar, sin duda, y que le han dado al equipo durante tantisimos a\u00f1os\u201d este fue el mensaje virtual que emiti\u00f3 a la afici\u00f3n rayada el nuevo t\u00e9cnico del Monterrey, Javier Aguirre.<\/p>\n\n\n\n<p>Durante un emotivo mensaje transmitido a traves de la cuenta oficial del equipo en twitter, el estratega mexicano se\u00f1al\u00f3 que espera cumplir con las expectativas deportivas que tanto afici\u00f3n como directiva, quieren para el equipo el pr\u00f3ximo torneo dentro de la Liga MX.<\/p>\n\n\n\n<p>El anuncio de &nbsp;llegada del internacional director t\u00e9cnico mexicano a la escuadra rayada se dio desde el pasado viernes por la noche.<\/p>\n\n\n\n<p>Se sab\u00eda que en la b\u00fasqueda de nuevo director t\u00e9cnico Rayados en ese momento exploraba la posibilidad de otras opciones entre ellas el actual estratega del l\u00edder del torneo Le\u00f3n, Ignacio Ambriz y tambi\u00e9n el argentino Mat\u00edas Almeida, lo que finalmente no se concret\u00f3.<\/p>\n\n\n\n<p>En la \u00faltima campa\u00f1a que dirigi\u00f3 el director argentino Antonio Mohamed los Rayados quedaron como el lugar cinco de la tabla con marca de 8 ganados, 5 empates y 4 derrotas e hicieron 29 puntos.<\/p>\n\n\n\n<p>Una de las cosas en las que tendr\u00e1 que enfocarse el estratega Aguirre ser\u00e1 en hacer&nbsp; cambios en la defensa del equipo, ya que durante el torneo Guardianes 2020 recibi\u00f3 21 goles.<\/p>\n\n\n\n<p>Uno de los jugadores que ha expresado su deseo de emigrar a la MLS es el veterano y ex seleccionado mexicano Miguel Lay\u00fan.<\/p>\n\n\n\n<p><\/p>\n","protected":false},"excerpt":{"rendered":"<p>Por Rogelio Romero \u201cIntentar\u00e9 estar a la altura de su exigencia, intentar\u00e9 devolverle a la afici\u00f3n con t\u00edtulos ese cari\u00f1o que nos van a dar, sin duda, y que le han dado al equipo durante tantisimos a\u00f1os\u201d este fue el mensaje virtual que emiti\u00f3 a la afici\u00f3n rayada el nuevo t\u00e9cnico del Monterrey, Javier Aguirre. [&hellip;]<\/p>\n","protected":false},"author":1,"featured_media":44355,"comment_status":"open","ping_status":"open","sticky":true,"template":"","format":"standard","meta":{"footnotes":""},"categories":[8,5],"tags":[],"_links":{"self":[{"href":"https:\/\/diariodigitalmx.com\/index.php\/wp-json\/wp\/v2\/posts\/44351"}],"collection":[{"href":"https:\/\/diariodigitalmx.com\/index.php\/wp-json\/wp\/v2\/posts"}],"about":[{"href":"https:\/\/diariodigitalmx.com\/index.php\/wp-json\/wp\/v2\/types\/post"}],"author":[{"embeddable":true,"href":"https:\/\/diariodigitalmx.com\/index.php\/wp-json\/wp\/v2\/users\/1"}],"replies":[{"embeddable":true,"href":"https:\/\/diariodigitalmx.com\/index.php\/wp-json\/wp\/v2\/comments?post=44351"}],"version-history":[{"count":2,"href":"https:\/\/diariodigitalmx.com\/index.php\/wp-json\/wp\/v2\/posts\/44351\/revisions"}],"predecessor-version":[{"id":44353,"href":"https:\/\/diariodigitalmx.com\/index.php\/wp-json\/wp\/v2\/posts\/44351\/revisions\/44353"}],"wp:featuredmedia":[{"embeddable":true,"href":"https:\/\/diariodigitalmx.com\/index.php\/wp-json\/wp\/v2\/media\/44355"}],"wp:attachment":[{"href":"https:\/\/diariodigitalmx.com\/index.php\/wp-json\/wp\/v2\/media?parent=44351"}],"wp:term":[{"taxonomy":"category","embeddable":true,"href":"https:\/\/diariodigitalmx.com\/index.php\/wp-json\/wp\/v2\/categories?post=44351"},{"taxonomy":"post_tag","embeddable":true,"href":"https:\/\/diariodigitalmx.com\/index.php\/wp-json\/wp\/v2\/tags?post=44351"}],"curies":[{"name":"wp","href":"https:\/\/api.w.org\/{rel}","templated":true}]}}