{"id":4438,"date":"2019-05-21T16:14:04","date_gmt":"2019-05-21T21:14:04","guid":{"rendered":"http:\/\/diariodigitalmx.com\/?p=4438"},"modified":"2019-05-21T16:14:06","modified_gmt":"2019-05-21T21:14:06","slug":"exige-abel-guerra-que-el-pri-y-autoridad-actuen-contra-ctm-e-ismael-flores","status":"publish","type":"post","link":"https:\/\/diariodigitalmx.com\/index.php\/2019\/05\/21\/exige-abel-guerra-que-el-pri-y-autoridad-actuen-contra-ctm-e-ismael-flores\/","title":{"rendered":"Exige Abel Guerra que el PRI y autoridad act\u00faen contra CTM e Ismael Flores"},"content":{"rendered":"\n<p>David Casas<\/p>\n\n\n\n<p>Monterrey, N. L.- La violencia que se\nregistr\u00f3 durante el evento del aspirante a la dirigencia nacional del PRI, Jos\u00e9\nNarro Robles &nbsp;fue orquestada por el\ndirigente estatal de la CTM, Ismael Flores; acus\u00f3 Abel Guerra Garza, ex\ndirigente estatal del PRI.<\/p>\n\n\n\n<p>Guerra Garza, ex dos veces alcaldes\ndel municipio de Escobedo y ex diputado federal, encabeza uno de los\nprincipales y m\u00e1s fuertes grupos priistas de Nuevo Le\u00f3n y se encontraba en el\ndesayuno en el momento en que irrumpieron los grupos de choque de la central\nobrera, de los cuales, dos fueron detenidos.<\/p>\n\n\n\n<p>\u201cEn los \u00faltimos 30 a\u00f1os los eventos\ndel PRI se han visto empa\u00f1ados por este tipo de actos. Lamentablemente no hay\nun evento del PRI que no sea reventado por Ismael Flores, lo cual ya deber\u00eda\nser sancionado por las autoridades del partido y la sociedad\u201d, exige.<\/p>\n\n\n\n<p>\u201cEn 1992 tuve mi primer cargo de\nelecci\u00f3n popular, fui candidato por primera vez, pero ya participaba desde\nantes, si ponemos a partir del 92 a la fecha, deben de ser casi 30 a\u00f1os. No hay\nun solo evento del PRI desde que Ismael es dirigente que no lo reviente, nada\nm\u00e1s que no s\u00e9 porque han sido los medios muy benevolentes y el propio partido\u201d,\nse\u00f1ala Guerra Garza.<\/p>\n\n\n\n<p>Recuerda un evento con el entonces\nl\u00edder nacional Enrique Ochoa, llega (Flores) con 500 gentes y se ponen a\ninsultar al que no le cae bien y a todo. Ese es un evento que siempre sucede,\nyo no s\u00e9 cu\u00e1l es la sorpresa, toda su vida se ha dedicado a reventar los eventos\ndel PRI\u201d.<\/p>\n\n\n\n<p>Aunque desde el inicio del evento se\npercat\u00f3 de la presencia de los cetemistas, Abel Guerra, mencion\u00f3 que no lo\nalert\u00f3. ya que no se est\u00e1n disputando alcald\u00edas, regidur\u00edas o mercados que\nIsmael Flores acostumbra a cobrar.<\/p>\n\n\n\n<p>Resalt\u00f3 que este es un asunto local\nocasionado por alguien que le ha generado mucho desprestigio al partido, lo\ncual afortunadamente ya se est\u00e1 investigando por las autoridades que lograron\nla detenci\u00f3n de varias personas con el escudo de ese sindicato.<\/p>\n\n\n\n<p>Guerra Garza, destac\u00f3 que las\npersonas agredidas deber\u00e1n darles seguimiento a las denuncias, aunado a que la\nComisi\u00f3n de Justicia del Partido y la dirigencia nacional de la CTM tendr\u00edan\nque hacer lo propio para deslindar responsabilidades.<\/p>\n\n\n\n<p>As\u00ed mismo, comento que con estos\nactos Ismael Flores solo logra prestigiarlos porque deja en claro qui\u00e9n es la\npersona que est\u00e1 generando los conflictos internos y quien busca da\u00f1ar la\nimagen del partido.<\/p>\n\n\n\n<p>\u201cEs algo que no tiene que ver con la\ninstituci\u00f3n, es un dirigente que no estudio la primaria, que esperamos de\nalguien pr\u00e1cticamente analfabeta\u201d, concluyo.<\/p>\n\n\n\n<p>Por su parte, el ex Secretario de\nSalud P\u00fablica Federal, Jos\u00e9 Narro Robles, dijo que no se enter\u00f3 de los hechos,\npero como dirigente buscara la unidad del partido para evitar las\nconfrontaciones y las divisiones.<\/p>\n\n\n\n<figure class=\"wp-block-image\"><img loading=\"lazy\" decoding=\"async\" width=\"1024\" height=\"582\" src=\"http:\/\/diariodigitalmx.com\/wp-content\/uploads\/2019\/05\/abel-1024x582.jpg\" alt=\"\" class=\"wp-image-4441\" srcset=\"https:\/\/diariodigitalmx.com\/wp-content\/uploads\/2019\/05\/abel-1024x582.jpg 1024w, https:\/\/diariodigitalmx.com\/wp-content\/uploads\/2019\/05\/abel-300x170.jpg 300w, https:\/\/diariodigitalmx.com\/wp-content\/uploads\/2019\/05\/abel-768x436.jpg 768w\" sizes=\"(max-width: 1024px) 100vw, 1024px\" \/><\/figure>\n","protected":false},"excerpt":{"rendered":"<p>David Casas Monterrey, N. L.- La violencia que se registr\u00f3 durante el evento del aspirante a la dirigencia nacional del PRI, Jos\u00e9 Narro Robles &nbsp;fue orquestada por el dirigente estatal de la CTM, Ismael Flores; acus\u00f3 Abel Guerra Garza, ex dirigente estatal del PRI. Guerra Garza, ex dos veces alcaldes del municipio de Escobedo y [&hellip;]<\/p>\n","protected":false},"author":1,"featured_media":4440,"comment_status":"open","ping_status":"open","sticky":false,"template":"","format":"standard","meta":{"footnotes":""},"categories":[6,3],"tags":[],"_links":{"self":[{"href":"https:\/\/diariodigitalmx.com\/index.php\/wp-json\/wp\/v2\/posts\/4438"}],"collection":[{"href":"https:\/\/diariodigitalmx.com\/index.php\/wp-json\/wp\/v2\/posts"}],"about":[{"href":"https:\/\/diariodigitalmx.com\/index.php\/wp-json\/wp\/v2\/types\/post"}],"author":[{"embeddable":true,"href":"https:\/\/diariodigitalmx.com\/index.php\/wp-json\/wp\/v2\/users\/1"}],"replies":[{"embeddable":true,"href":"https:\/\/diariodigitalmx.com\/index.php\/wp-json\/wp\/v2\/comments?post=4438"}],"version-history":[{"count":2,"href":"https:\/\/diariodigitalmx.com\/index.php\/wp-json\/wp\/v2\/posts\/4438\/revisions"}],"predecessor-version":[{"id":4442,"href":"https:\/\/diariodigitalmx.com\/index.php\/wp-json\/wp\/v2\/posts\/4438\/revisions\/4442"}],"wp:featuredmedia":[{"embeddable":true,"href":"https:\/\/diariodigitalmx.com\/index.php\/wp-json\/wp\/v2\/media\/4440"}],"wp:attachment":[{"href":"https:\/\/diariodigitalmx.com\/index.php\/wp-json\/wp\/v2\/media?parent=4438"}],"wp:term":[{"taxonomy":"category","embeddable":true,"href":"https:\/\/diariodigitalmx.com\/index.php\/wp-json\/wp\/v2\/categories?post=4438"},{"taxonomy":"post_tag","embeddable":true,"href":"https:\/\/diariodigitalmx.com\/index.php\/wp-json\/wp\/v2\/tags?post=4438"}],"curies":[{"name":"wp","href":"https:\/\/api.w.org\/{rel}","templated":true}]}}